{"id":10943,"date":"2025-06-19T20:18:03","date_gmt":"2025-06-19T23:18:03","guid":{"rendered":"https:\/\/www.nextmultimedio.com\/?p=10943"},"modified":"2025-06-19T20:18:04","modified_gmt":"2025-06-19T23:18:04","slug":"presentaron-la-copa-argentina-del-centro-de-master-voley","status":"publish","type":"post","link":"https:\/\/www.nextmultimedio.com\/?p=10943","title":{"rendered":"PRESENTARON LA COPA ARGENTINA DEL CENTRO DE MASTER VOLEY"},"content":{"rendered":"\n<figure class=\"wp-block-image size-large\"><img loading=\"lazy\" decoding=\"async\" width=\"1024\" height=\"1024\" src=\"https:\/\/www.nextmultimedio.com\/wp-content\/uploads\/2025\/06\/503537958_18302875936243999_6155601262138276967_n-1-1024x1024.jpg\" alt=\"\" class=\"wp-image-10944\" srcset=\"https:\/\/www.nextmultimedio.com\/wp-content\/uploads\/2025\/06\/503537958_18302875936243999_6155601262138276967_n-1-1024x1024.jpg 1024w, https:\/\/www.nextmultimedio.com\/wp-content\/uploads\/2025\/06\/503537958_18302875936243999_6155601262138276967_n-1-300x300.jpg 300w, https:\/\/www.nextmultimedio.com\/wp-content\/uploads\/2025\/06\/503537958_18302875936243999_6155601262138276967_n-1-768x768.jpg 768w, https:\/\/www.nextmultimedio.com\/wp-content\/uploads\/2025\/06\/503537958_18302875936243999_6155601262138276967_n-1.jpg 1440w\" sizes=\"auto, (max-width: 1024px) 100vw, 1024px\" \/><\/figure>\n\n\n\n<p>Con la presencia del Intendente Esteban Avil\u00e9s, el Secretario de Turismo e Innovaci\u00f3n, Cultura y Deportes Sebasti\u00e1n Boldrini y los ex jugadores de la Selecci\u00f3n Argentina de V\u00f3ley Gustavo Scholtis y Gustavo Porporatto; se present\u00f3 hoy en la Palacio Municipal, la 7\u00ba Copa Argentina y Sudamericana del Centro de M\u00e1ster V\u00f3ley masculino y femenino.<\/p>\n\n\n\n<p>Del viernes 20 al domingo 22 de junio, desde las 9 y hasta las 22 hs., se <a><\/a>realizar\u00e1 en el Estadio Arena y el Club de Pesca, la 7\u00ba Copa Argentina y Sudamericana del Centro de M\u00e1ster V\u00f3ley, con la organizaci\u00f3n de Gestiones Deportivas y el apoyo de la Secretar\u00eda de Turismo e Innovaci\u00f3n, Cultura y Deportes de la ciudad.<\/p>\n\n\n\n<p>Este tipo de actividad est\u00e1 dirigida a jugadoras y jugadores mayores de 35 a\u00f1os que incentivan a las participantes a seguir creciendo en el deporte, como as\u00ed tambi\u00e9n disfrutar y compartir un d\u00eda con sus pares.<\/p>\n\n\n\n<p>\u201cEste tipo de eventos nos potencian como destino tur\u00edstico, es un honor tener a figuras del deporte mundial en la ciudad, algunos vecinos de toda la vida. Tenemos la suerte de tener una ciudad hermosa a la que llegan eventos de esta trascendencia\u201d afirm\u00f3 el Intendente Esteban Avil\u00e9s.<\/p>\n\n\n\n<p>Cabe destacar que los partidos se disputar\u00e1n el d\u00eda viernes y s\u00e1bado, de 9 a 22hs., y domingo, de 9 a 18hs., con equipos de toda la Argentina.<\/p>\n\n\n\n<p>La entrada para quienes deseen acercarse a conocer este deporte, es libre y gratuita.<\/p>\n\n\n\n<p>En este marco, el d\u00eda jueves 19 de junio desde las 20 horas se disputar\u00e1 un encuentro&nbsp; entre el equipo de Los Legendarios (ex jugadores de la selecci\u00f3n) frente a la selecci\u00f3n M\u00e1ster V\u00f3ley del Centro, con una entrada consistente en un alimento no perecedero.<\/p>\n\n\n\n<p>Todo el evento se transmitir\u00e1 en vivo por Youtube en: \u201cMaster Voley del Centro\u201d.<\/p>\n\n\n\n<p><a href=\"https:\/\/www.facebook.com\/photo\/?fbid=1290305589767281&amp;set=a.356501556481027&amp;__cft__[0]=AZXQvDoVtjZEgXJy2VE3K5v9p7Y8OcCHKMo91GBpVHnsi4ME473blD64lptw87B2bz-Gvcl8anlqRf-upT7ackD8WUi1Edzyn49KTCZxdfRiIFj9SYek2FFwga4gMjSVqTdiisLOi7aoZakdxrhmbr8lh1C7Y3wcR-Yjkw_hZd1Kfw_hApvDyIt-mOTizFKWXK2CC2pBxcoIq066o0MaLRYa&amp;__tn__=EH-R\"><\/a><\/p>\n\n\n\n<figure class=\"wp-block-image\"><a href=\"https:\/\/www.facebook.com\/photo\/?fbid=1290305589767281&amp;set=a.356501556481027&amp;__cft__[0]=AZXQvDoVtjZEgXJy2VE3K5v9p7Y8OcCHKMo91GBpVHnsi4ME473blD64lptw87B2bz-Gvcl8anlqRf-upT7ackD8WUi1Edzyn49KTCZxdfRiIFj9SYek2FFwga4gMjSVqTdiisLOi7aoZakdxrhmbr8lh1C7Y3wcR-Yjkw_hZd1Kfw_hApvDyIt-mOTizFKWXK2CC2pBxcoIq066o0MaLRYa&amp;__tn__=EH-R\"><img decoding=\"async\" src=\"https:\/\/scontent.fcor10-4.fna.fbcdn.net\/v\/t51.75761-15\/503537958_18302875936243999_6155601262138276967_n.webp?stp=dst-jpg_p526x296_tt6&amp;_nc_cat=111&amp;ccb=1-7&amp;_nc_sid=127cfc&amp;_nc_eui2=AeFx6TcNCi_RsJdk4AvBNO1e_NktlTcip7H82S2VNyKnsQJx6AIsBXyYLknRX6xGHqE&amp;_nc_ohc=1V62o8cwOEYQ7kNvwFIXqby&amp;_nc_oc=AdkhvpSJusvkDhrtUd6phMheE2ezTALDAUowRTOfUuxQbgBfccZJQQn59reH1Y0m3Lg&amp;_nc_zt=23&amp;_nc_ht=scontent.fcor10-4.fna&amp;_nc_gid=FcssnDw2r1nOBiOYy_jXKg&amp;oh=00_AfNlaI-mTvDBN9GQNRsdQ1mMG-lT4FWnosxB0WzKPcrmjg&amp;oe=685A5441\" alt=\"Puede ser una imagen de 4 personas y texto que dice &quot;ORGANIZA DEPORTIVAS DEPORTIVAS GESTIONES log\u00edstica logisticayasesoramiento a asesoramiento adidas nE N&quot;\"\/><\/a><\/figure>\n","protected":false},"excerpt":{"rendered":"<p>Con la presencia del Intendente Esteban Avil\u00e9s, el Secretario de Turismo e Innovaci\u00f3n, Cultura y Deportes Sebasti\u00e1n Boldrini y los ex jugadores de la Selecci\u00f3n Argentina de V\u00f3ley Gustavo Scholtis y Gustavo Porporatto; se present\u00f3 hoy en la Palacio Municipal, la 7\u00ba Copa Argentina y Sudamericana del Centro de M\u00e1ster V\u00f3ley masculino y femenino. Del [&hellip;]<\/p>\n","protected":false},"author":1,"featured_media":10944,"comment_status":"closed","ping_status":"closed","sticky":false,"template":"","format":"standard","meta":{"footnotes":""},"categories":[69],"tags":[345],"class_list":["post-10943","post","type-post","status-publish","format-standard","has-post-thumbnail","hentry","category-noticias","tag-destacar"],"_links":{"self":[{"href":"https:\/\/www.nextmultimedio.com\/index.php?rest_route=\/wp\/v2\/posts\/10943","targetHints":{"allow":["GET"]}}],"collection":[{"href":"https:\/\/www.nextmultimedio.com\/index.php?rest_route=\/wp\/v2\/posts"}],"about":[{"href":"https:\/\/www.nextmultimedio.com\/index.php?rest_route=\/wp\/v2\/types\/post"}],"author":[{"embeddable":true,"href":"https:\/\/www.nextmultimedio.com\/index.php?rest_route=\/wp\/v2\/users\/1"}],"replies":[{"embeddable":true,"href":"https:\/\/www.nextmultimedio.com\/index.php?rest_route=%2Fwp%2Fv2%2Fcomments&post=10943"}],"version-history":[{"count":1,"href":"https:\/\/www.nextmultimedio.com\/index.php?rest_route=\/wp\/v2\/posts\/10943\/revisions"}],"predecessor-version":[{"id":10945,"href":"https:\/\/www.nextmultimedio.com\/index.php?rest_route=\/wp\/v2\/posts\/10943\/revisions\/10945"}],"wp:featuredmedia":[{"embeddable":true,"href":"https:\/\/www.nextmultimedio.com\/index.php?rest_route=\/wp\/v2\/media\/10944"}],"wp:attachment":[{"href":"https:\/\/www.nextmultimedio.com\/index.php?rest_route=%2Fwp%2Fv2%2Fmedia&parent=10943"}],"wp:term":[{"taxonomy":"category","embeddable":true,"href":"https:\/\/www.nextmultimedio.com\/index.php?rest_route=%2Fwp%2Fv2%2Fcategories&post=10943"},{"taxonomy":"post_tag","embeddable":true,"href":"https:\/\/www.nextmultimedio.com\/index.php?rest_route=%2Fwp%2Fv2%2Ftags&post=10943"}],"curies":[{"name":"wp","href":"https:\/\/api.w.org\/{rel}","templated":true}]}}