{"id":10911,"date":"2025-06-17T17:50:45","date_gmt":"2025-06-17T20:50:45","guid":{"rendered":"https:\/\/www.nextmultimedio.com\/?p=10911"},"modified":"2025-06-17T17:50:46","modified_gmt":"2025-06-17T20:50:46","slug":"que-implica-la-prision-domiciliaria-de-cristina-kirchner-tiene-que-ir-a-comodoro-py","status":"publish","type":"post","link":"https:\/\/www.nextmultimedio.com\/?p=10911","title":{"rendered":"QU\u00c9 IMPLICA LA PRISI\u00d3N DOMICILIARIA DE CRISTINA KIRCHNER: \u00bfTIENE QUE IR A COMODORO PY?"},"content":{"rendered":"\n<figure class=\"wp-block-image size-full\"><img loading=\"lazy\" decoding=\"async\" width=\"526\" height=\"526\" src=\"https:\/\/www.nextmultimedio.com\/wp-content\/uploads\/2025\/06\/505734820_18301858672243999_5567439115901027200_n-1.jpg\" alt=\"\" class=\"wp-image-10912\" srcset=\"https:\/\/www.nextmultimedio.com\/wp-content\/uploads\/2025\/06\/505734820_18301858672243999_5567439115901027200_n-1.jpg 526w, https:\/\/www.nextmultimedio.com\/wp-content\/uploads\/2025\/06\/505734820_18301858672243999_5567439115901027200_n-1-300x300.jpg 300w\" sizes=\"auto, (max-width: 526px) 100vw, 526px\" \/><\/figure>\n\n\n\n<p>La\u00a0<a href=\"https:\/\/www.lanacion.com.ar\/politica\/los-fiscales-rechazaron-la-prision-domiciliaria-de-cristina-kirchner-y-define-el-juez-nid17062025\/\">decisi\u00f3n del Tribunal Oral Federal N\u00b0 2 (TOF 2)<\/a>\u00a0de otorgar la prisi\u00f3n domiciliaria a\u00a0<strong>Cristina Kirchner<\/strong>\u00a0gener\u00f3 interrogantes sobre los pasos a seguir. La resoluci\u00f3n judicial, que impone el<strong>\u00a0uso de una tobillera electr\u00f3nica<\/strong>\u00a0a la expresidenta, desat\u00f3 un debate sobre si deber\u00e1 o no presentarse en los tribunales de Comodoro Py este mi\u00e9rcoles.<\/p>\n\n\n\n<p>\u00bfCristina Kirchner debe ir a Comodoro Py tras la prisi\u00f3n domiciliaria?<br>El Tribunal Oral Federal N\u00b0 2 resolvi\u00f3 que Cristina Kirchner no deber\u00e1 presentarse en Comodoro Py para ser notificada de su detenci\u00f3n. Para evitar que la expresidenta encabece la marcha organizada por el kirchnerismo, el tribunal decidi\u00f3 notificarla a trav\u00e9s de su abogado, Alberto Beraldi, y de la comisar\u00eda federal del barrio.<\/p>\n\n\n\n<p>La exmandataria no deber\u00e1 presentarse en Comodoro Py, ya que su abogado se encuentra notificado<br>La exmandataria no deber\u00e1 presentarse en Comodoro Py, ya que su abogado se encuentra notificado<br>Fabi\u00e1n Marelli<br>\u00bfCu\u00e1les son las condiciones de la prisi\u00f3n domiciliaria?<br>La resoluci\u00f3n del TOF 2 establece una serie de condiciones que Cristina Kirchner deber\u00e1 cumplir durante su prisi\u00f3n domiciliaria:<\/p>\n\n\n\n<p>La prisi\u00f3n domiciliaria se cumplir\u00e1 en su vivienda ubicada en la calle San Jos\u00e9 1111, piso segundo, departamento \u201cD\u201d de la Ciudad de Buenos Aires.<br>Deber\u00e1 permanecer en el domicilio fijado, salvo en situaciones excepcionales de fuerza mayor debidamente justificadas o con autorizaci\u00f3n previa del tribunal.<br>Deber\u00e1 abstenerse de adoptar comportamientos que puedan perturbar la tranquilidad del vecindario y\/o alterar la convivencia pac\u00edfica de sus habitantes.<br>En un plazo de 48 horas h\u00e1biles, deber\u00e1 presentar una n\u00f3mina de las personas que integran su grupo familiar, custodia policial, profesionales m\u00e9dicos que la tratan asiduamente y abogados que la representan, quienes podr\u00e1n acceder al domicilio sin necesidad de autorizaci\u00f3n judicial.<br>La Direcci\u00f3n de Control y Asistencia de Ejecuci\u00f3n Penal supervisar\u00e1 la ejecuci\u00f3n de la prisi\u00f3n domiciliaria y elevar\u00e1 informes cada tres meses.<br>Se orden\u00f3 la colocaci\u00f3n de un dispositivo de vigilancia electr\u00f3nico (tobillera) en el domicilio indicado.<br>\u00bfPor qu\u00e9 los fiscales se opon\u00edan a la prisi\u00f3n domiciliaria?<br>Los fiscales Diego Luciani y Sergio Mola se opusieron a la prisi\u00f3n domiciliaria y argumentaron que no se advert\u00edan razones humanitarias que justificaran una medida excepcional. Seg\u00fan los fiscales, no se encontraban configuradas ni esgrimidas razones de salud o personales que, vinculadas a la edad, permitieran inferir que el encierro carcelario pudiera afectar el derecho a un trato digno o humanitario.<\/p>\n\n\n\n<p>Diego Luciani se opon\u00eda a la prisi\u00f3n domiciliaria de Cristina Kirchner<br>Diego Luciani se opon\u00eda a la prisi\u00f3n domiciliaria de Cristina Kirchner<br>Nicol\u00e1s Su\u00e1rez<br>Adem\u00e1s, los fiscales se\u00f1alaron que el art\u00edculo 10 del C\u00f3digo Penal establece que los jueces podr\u00e1n conceder el beneficio cuando el condenado supere los 70 a\u00f1os de edad, pero no est\u00e1n obligados a hacerlo. Tambi\u00e9n se opusieron a que la custodia asignada a la expresidenta fuera la encargada de garantizar la ejecuci\u00f3n de la pena, por considerar que carecen de la preparaci\u00f3n necesaria.<\/p>\n\n\n\n<p>\u00bfQu\u00e9 argumentos present\u00f3 la defensa de Cristina Kirchner?<br>La defensa de Cristina Kirchner solicit\u00f3 la prisi\u00f3n domiciliaria en raz\u00f3n de la edad de la expresidenta (72 a\u00f1os) y el ataque que sufri\u00f3 en septiembre de 2022 en la puerta de su casa en Recoleta.<\/p>\n\n\n\n<p>Informaci\u00f3n:LA NACI\u00d3N<\/p>\n","protected":false},"excerpt":{"rendered":"<p>La\u00a0decisi\u00f3n del Tribunal Oral Federal N\u00b0 2 (TOF 2)\u00a0de otorgar la prisi\u00f3n domiciliaria a\u00a0Cristina Kirchner\u00a0gener\u00f3 interrogantes sobre los pasos a seguir. La resoluci\u00f3n judicial, que impone el\u00a0uso de una tobillera electr\u00f3nica\u00a0a la expresidenta, desat\u00f3 un debate sobre si deber\u00e1 o no presentarse en los tribunales de Comodoro Py este mi\u00e9rcoles. \u00bfCristina Kirchner debe ir a [&hellip;]<\/p>\n","protected":false},"author":1,"featured_media":10912,"comment_status":"closed","ping_status":"closed","sticky":false,"template":"","format":"standard","meta":{"footnotes":""},"categories":[69],"tags":[345],"class_list":["post-10911","post","type-post","status-publish","format-standard","has-post-thumbnail","hentry","category-noticias","tag-destacar"],"_links":{"self":[{"href":"https:\/\/www.nextmultimedio.com\/index.php?rest_route=\/wp\/v2\/posts\/10911","targetHints":{"allow":["GET"]}}],"collection":[{"href":"https:\/\/www.nextmultimedio.com\/index.php?rest_route=\/wp\/v2\/posts"}],"about":[{"href":"https:\/\/www.nextmultimedio.com\/index.php?rest_route=\/wp\/v2\/types\/post"}],"author":[{"embeddable":true,"href":"https:\/\/www.nextmultimedio.com\/index.php?rest_route=\/wp\/v2\/users\/1"}],"replies":[{"embeddable":true,"href":"https:\/\/www.nextmultimedio.com\/index.php?rest_route=%2Fwp%2Fv2%2Fcomments&post=10911"}],"version-history":[{"count":1,"href":"https:\/\/www.nextmultimedio.com\/index.php?rest_route=\/wp\/v2\/posts\/10911\/revisions"}],"predecessor-version":[{"id":10913,"href":"https:\/\/www.nextmultimedio.com\/index.php?rest_route=\/wp\/v2\/posts\/10911\/revisions\/10913"}],"wp:featuredmedia":[{"embeddable":true,"href":"https:\/\/www.nextmultimedio.com\/index.php?rest_route=\/wp\/v2\/media\/10912"}],"wp:attachment":[{"href":"https:\/\/www.nextmultimedio.com\/index.php?rest_route=%2Fwp%2Fv2%2Fmedia&parent=10911"}],"wp:term":[{"taxonomy":"category","embeddable":true,"href":"https:\/\/www.nextmultimedio.com\/index.php?rest_route=%2Fwp%2Fv2%2Fcategories&post=10911"},{"taxonomy":"post_tag","embeddable":true,"href":"https:\/\/www.nextmultimedio.com\/index.php?rest_route=%2Fwp%2Fv2%2Ftags&post=10911"}],"curies":[{"name":"wp","href":"https:\/\/api.w.org\/{rel}","templated":true}]}}