{"id":10812,"date":"2025-06-10T20:40:26","date_gmt":"2025-06-10T23:40:26","guid":{"rendered":"https:\/\/www.nextmultimedio.com\/?p=10812"},"modified":"2025-06-10T20:40:27","modified_gmt":"2025-06-10T23:40:27","slug":"suben-las-multas-de-la-caminera-en-cordoba-tras-el-aumento-de-la-nafta","status":"publish","type":"post","link":"https:\/\/www.nextmultimedio.com\/?p=10812","title":{"rendered":"SUBEN LAS MULTAS DE LA CAMINERA EN C\u00d3RDOBA TRAS EL AUMENTO DE LA NAFTA"},"content":{"rendered":"\n<figure class=\"wp-block-image size-full\"><img loading=\"lazy\" decoding=\"async\" width=\"526\" height=\"526\" src=\"https:\/\/www.nextmultimedio.com\/wp-content\/uploads\/2025\/06\/504272113_18301843765243999_2308964698962981256_n.jpg\" alt=\"\" class=\"wp-image-10813\" srcset=\"https:\/\/www.nextmultimedio.com\/wp-content\/uploads\/2025\/06\/504272113_18301843765243999_2308964698962981256_n.jpg 526w, https:\/\/www.nextmultimedio.com\/wp-content\/uploads\/2025\/06\/504272113_18301843765243999_2308964698962981256_n-300x300.jpg 300w\" sizes=\"auto, (max-width: 526px) 100vw, 526px\" \/><\/figure>\n\n\n\n<p>Desde este lunes, las infracciones de tr\u00e1nsito en rutas cordobesas son m\u00e1s caras. La Polic\u00eda Caminera actualiz\u00f3 sus multas un 1,3%, luego del incremento en el valor de la Unidad Fija de Multa (UFM), que est\u00e1 atada al precio de la nafta s\u00faper.<\/p>\n\n\n\n<p>La UFM pas\u00f3 de $1.261 a $1.278.<\/p>\n\n\n\n<p>No <a><\/a>llevar luces bajas encendidas puede costar hasta $259.800.<\/p>\n\n\n\n<p>Cruzar en rojo o exceder la velocidad, hasta $519.120 y p\u00e9rdida de puntos.<\/p>\n\n\n\n<p>El ajuste responde a la Ley Provincial de Tr\u00e1nsito N\u00b0 8.560, que indexa las sanciones al valor del combustible. Un dato: el mes pasado, con la baja de la nafta, las multas tambi\u00e9n hab\u00edan disminuido.<\/p>\n\n\n\n<p>Informaci\u00f3n:<a href=\"https:\/\/l.facebook.com\/l.php?u=http%3A%2F%2Fcadena3.com%2F%3Ffbclid%3DIwZXh0bgNhZW0CMTAAYnJpZBExTXRXeUNmdm5WNlo2S0pkNAEe1a0GhOZUTH6E_KcfEqtM3hGv46wo1itMfVciYxWz3ba3gJVnN4p14AKLwJo_aem_iGpwJmCdmyLmDKRB8xkbLQ&amp;h=AT11v4gQ_XYbaJ8kqhnDksIXmZvT1TW3lXvi4WXNa0oEWqJpqMBaYl5AjHi2ygy3qkEoKZ4r2aV3yal4JfWY4Cul5RqOIfqRfGsIJ2zK2KsMEpvSGnrV9gyxPFnW7ZCI0idpLVVBScLEOw&amp;__tn__=-UK-R&amp;c[0]=AT3vXZJEfaGbKvbE6R328NOCVfq0qtDFleC3oKoIimiVO6DgmWf9qbmKcVaEvxLtleg6Rko-PbvcHbsqjOc4bZIaITT3Ze67yiSCgnqB9MQQJ9pyIkFzIpENApGBYag0NOur3EMccNs48qUTZGZ-2p8A_e9oEQNa82yCA3cBPvR0CqJUOKEVMmCowuq2b2kWP2gR3RmV4x_dKKHEyHyGQt69Y1qx\" rel=\"noreferrer noopener\" target=\"_blank\">cadena3.com<\/a><\/p>\n\n\n\n<p><a href=\"https:\/\/www.facebook.com\/photo\/?fbid=1282432523887921&amp;set=a.356501556481027&amp;__cft__[0]=AZW9R-sjURFGIpNKSpeLI5Yz8VJvJGThGxNQssUoMam9MFdb0rfI7-OmQEpIpg0dQ5UAaAOU7zqQwCNlERcHDcx1mpF8uFLvEf7d8yQkRRSp2s95r90d8kMYvrvnaF0ZRnTwRfTjXzyjaJVAwz9Bzd69_Y8rDInh9-jZLCsTDOkJF7qj1CWUAarpCQKzthgieG-KI-Z37d0s4bDr7JMVRlZ4&amp;__tn__=EH-R\"><\/a><\/p>\n\n\n\n<figure class=\"wp-block-image\"><a href=\"https:\/\/www.facebook.com\/photo\/?fbid=1282432523887921&amp;set=a.356501556481027&amp;__cft__[0]=AZW9R-sjURFGIpNKSpeLI5Yz8VJvJGThGxNQssUoMam9MFdb0rfI7-OmQEpIpg0dQ5UAaAOU7zqQwCNlERcHDcx1mpF8uFLvEf7d8yQkRRSp2s95r90d8kMYvrvnaF0ZRnTwRfTjXzyjaJVAwz9Bzd69_Y8rDInh9-jZLCsTDOkJF7qj1CWUAarpCQKzthgieG-KI-Z37d0s4bDr7JMVRlZ4&amp;__tn__=EH-R\"><img decoding=\"async\" src=\"https:\/\/scontent.fcor10-3.fna.fbcdn.net\/v\/t51.75761-15\/504272113_18301843765243999_2308964698962981256_n.webp?stp=dst-jpg_p526x296_tt6&amp;_nc_cat=105&amp;ccb=1-7&amp;_nc_sid=127cfc&amp;_nc_eui2=AeG4HqV2rutfqGQjzGXx5RCFQX5gbIm6C-VBfmBsiboL5QwSPXVEoG8sH1LSeUCVvHM&amp;_nc_ohc=q0d2DhgMGKYQ7kNvwEkd0Lm&amp;_nc_oc=AdkO0p5atB9bLOn5GjYnM0Uy8jZpz7DRxaLB73wo0w3kIHGTKSBKRPpCWUw13MTr_8M&amp;_nc_zt=23&amp;_nc_ht=scontent.fcor10-3.fna&amp;_nc_gid=i98IAmJeQR6zniCjp-ysWA&amp;oh=00_AfNToupBrfGgvrFtNjN4mPBdN6KS7sclvlBnAHzcJ6_L_Q&amp;oe=684E7628\" alt=\"Puede ser una imagen de 1 persona y ambulancia\"\/><\/a><\/figure>\n","protected":false},"excerpt":{"rendered":"<p>Desde este lunes, las infracciones de tr\u00e1nsito en rutas cordobesas son m\u00e1s caras. La Polic\u00eda Caminera actualiz\u00f3 sus multas un 1,3%, luego del incremento en el valor de la Unidad Fija de Multa (UFM), que est\u00e1 atada al precio de la nafta s\u00faper. La UFM pas\u00f3 de $1.261 a $1.278. No llevar luces bajas encendidas [&hellip;]<\/p>\n","protected":false},"author":1,"featured_media":10813,"comment_status":"closed","ping_status":"closed","sticky":false,"template":"","format":"standard","meta":{"footnotes":""},"categories":[1],"tags":[345],"class_list":["post-10812","post","type-post","status-publish","format-standard","has-post-thumbnail","hentry","category-sincategoria","tag-destacar"],"_links":{"self":[{"href":"https:\/\/www.nextmultimedio.com\/index.php?rest_route=\/wp\/v2\/posts\/10812","targetHints":{"allow":["GET"]}}],"collection":[{"href":"https:\/\/www.nextmultimedio.com\/index.php?rest_route=\/wp\/v2\/posts"}],"about":[{"href":"https:\/\/www.nextmultimedio.com\/index.php?rest_route=\/wp\/v2\/types\/post"}],"author":[{"embeddable":true,"href":"https:\/\/www.nextmultimedio.com\/index.php?rest_route=\/wp\/v2\/users\/1"}],"replies":[{"embeddable":true,"href":"https:\/\/www.nextmultimedio.com\/index.php?rest_route=%2Fwp%2Fv2%2Fcomments&post=10812"}],"version-history":[{"count":1,"href":"https:\/\/www.nextmultimedio.com\/index.php?rest_route=\/wp\/v2\/posts\/10812\/revisions"}],"predecessor-version":[{"id":10814,"href":"https:\/\/www.nextmultimedio.com\/index.php?rest_route=\/wp\/v2\/posts\/10812\/revisions\/10814"}],"wp:featuredmedia":[{"embeddable":true,"href":"https:\/\/www.nextmultimedio.com\/index.php?rest_route=\/wp\/v2\/media\/10813"}],"wp:attachment":[{"href":"https:\/\/www.nextmultimedio.com\/index.php?rest_route=%2Fwp%2Fv2%2Fmedia&parent=10812"}],"wp:term":[{"taxonomy":"category","embeddable":true,"href":"https:\/\/www.nextmultimedio.com\/index.php?rest_route=%2Fwp%2Fv2%2Fcategories&post=10812"},{"taxonomy":"post_tag","embeddable":true,"href":"https:\/\/www.nextmultimedio.com\/index.php?rest_route=%2Fwp%2Fv2%2Ftags&post=10812"}],"curies":[{"name":"wp","href":"https:\/\/api.w.org\/{rel}","templated":true}]}}