{"id":10682,"date":"2025-05-29T20:19:31","date_gmt":"2025-05-29T23:19:31","guid":{"rendered":"https:\/\/www.nextmultimedio.com\/?p=10682"},"modified":"2025-05-29T20:19:31","modified_gmt":"2025-05-29T23:19:31","slug":"el-dia-mas-frio-en-cordoba","status":"publish","type":"post","link":"https:\/\/www.nextmultimedio.com\/?p=10682","title":{"rendered":"EL D\u00cdA MAS FR\u00cdO EN C\u00d3RDOBA"},"content":{"rendered":"\n<figure class=\"wp-block-image size-full\"><img loading=\"lazy\" decoding=\"async\" width=\"526\" height=\"526\" src=\"https:\/\/www.nextmultimedio.com\/wp-content\/uploads\/2025\/05\/501591183_18300451903243999_1855954442373528250_n.jpg\" alt=\"\" class=\"wp-image-10683\" srcset=\"https:\/\/www.nextmultimedio.com\/wp-content\/uploads\/2025\/05\/501591183_18300451903243999_1855954442373528250_n.jpg 526w, https:\/\/www.nextmultimedio.com\/wp-content\/uploads\/2025\/05\/501591183_18300451903243999_1855954442373528250_n-300x300.jpg 300w\" sizes=\"auto, (max-width: 526px) 100vw, 526px\" \/><\/figure>\n\n\n\n<p>El fr\u00edo sigue sin dar tregua en C\u00f3rdoba y este jueves 29 de mayo se registr\u00f3 la ma\u00f1ana m\u00e1s fr\u00eda del a\u00f1o 2025.<\/p>\n\n\n\n<p>Seg\u00fan datos de 153 estaciones meteorol\u00f3gicas, todas marcaron temperaturas bajo cero.<\/p>\n\n\n\n<p>La <a><\/a>localidad m\u00e1s fr\u00eda fue Ambul, con una m\u00ednima de -6.6\u00b0C. En C\u00f3rdoba capital, en la zona de la Universidad Cat\u00f3lica, se registraron -3\u00b0C.<\/p>\n\n\n\n<p>El t\u00e9cnico en Meteorolog\u00eda Rafael Di Marco (Meteorafa) confirm\u00f3 que se espera que el fr\u00edo contin\u00fae en los pr\u00f3ximos d\u00edas, con leves mejoras temporarias.<\/p>\n\n\n\n<p>M\u00ednimas destacadas del d\u00eda:<\/p>\n\n\n\n<p>\u2022 Ambul: -6.6\u00b0C<\/p>\n\n\n\n<p>\u2022 Los Reartes: -6.2\u00b0C<\/p>\n\n\n\n<p>\u2022 San Francisco del Cha\u00f1ar: -5.9\u00b0C<\/p>\n\n\n\n<p>\u2022 R\u00edo de la Cruz: -5.7\u00b0C<\/p>\n\n\n\n<p>\u2022 San Antonio de Arredondo: -5.6\u00b0C<\/p>\n\n\n\n<p>\u2022 San Agust\u00edn: -5.1\u00b0C<\/p>\n\n\n\n<p>\u2022 Villa de Soto: -5\u00b0C<\/p>\n\n\n\n<p>\u2022 Mina Clavero y Salsacate: -4.8\u00b0C<\/p>\n\n\n\n<p>\u2022 Parador El C\u00f3ndor: -4.4\u00b0C<\/p>\n\n\n\n<p><a href=\"https:\/\/www.facebook.com\/photo\/?fbid=1272215581576282&amp;set=a.356501556481027&amp;__cft__[0]=AZX5mUCt1v2A8Ief2nWHCz24BEhTAlYiFhOFnHSZmEkLmH3jXCpe73neeAGr5pqem-wLqepUltQCw2yvrHQJecR5PfvDvuJSpElNFj6fmTMx5GhyQBeaYTk3evh5KOK6aJDmWWjHC0ffGl-1oP70XEZqz4Gy_ahT1WMpidNVFhZyCuwRDoyjy0TG3m3cNpv451efkPhQFLyMzAFxA5r38smi&amp;__tn__=EH-R\"><\/a><\/p>\n\n\n\n<figure class=\"wp-block-image\"><a href=\"https:\/\/www.facebook.com\/photo\/?fbid=1272215581576282&amp;set=a.356501556481027&amp;__cft__[0]=AZX5mUCt1v2A8Ief2nWHCz24BEhTAlYiFhOFnHSZmEkLmH3jXCpe73neeAGr5pqem-wLqepUltQCw2yvrHQJecR5PfvDvuJSpElNFj6fmTMx5GhyQBeaYTk3evh5KOK6aJDmWWjHC0ffGl-1oP70XEZqz4Gy_ahT1WMpidNVFhZyCuwRDoyjy0TG3m3cNpv451efkPhQFLyMzAFxA5r38smi&amp;__tn__=EH-R\"><img decoding=\"async\" src=\"https:\/\/scontent.fcor10-3.fna.fbcdn.net\/v\/t51.75761-15\/501591183_18300451903243999_1855954442373528250_n.webp?stp=dst-jpg_p526x296_tt6&amp;_nc_cat=104&amp;ccb=1-7&amp;_nc_sid=127cfc&amp;_nc_eui2=AeG7a8iO8vrIZVEP2Aadd1Ve_4BMUMD_rer_gExQwP-t6iJ7tBvrzmc2r8Q9LChuiX0&amp;_nc_ohc=aKZImUGb1I4Q7kNvwHluOij&amp;_nc_oc=AdlNJvNgb_NNEXvUFwnsu1i5OJK5H_YqCUlyTtZUxj5wPhMIFJ2zwfyDPOlymjKlIAw&amp;_nc_zt=23&amp;_nc_ht=scontent.fcor10-3.fna&amp;_nc_gid=B7C9Cxflx9iA6LpQ7eyO0g&amp;oh=00_AfJAu4R9R1ofwjxysbHjidGMv5bFKBkMZvHIutfZAuHO1w&amp;oe=683ED31B\" alt=\"Puede ser una imagen de 4 personas, abrigo con pluma de ganso, sobretodo y calle\"\/><\/a><\/figure>\n","protected":false},"excerpt":{"rendered":"<p>El fr\u00edo sigue sin dar tregua en C\u00f3rdoba y este jueves 29 de mayo se registr\u00f3 la ma\u00f1ana m\u00e1s fr\u00eda del a\u00f1o 2025. Seg\u00fan datos de 153 estaciones meteorol\u00f3gicas, todas marcaron temperaturas bajo cero. La localidad m\u00e1s fr\u00eda fue Ambul, con una m\u00ednima de -6.6\u00b0C. En C\u00f3rdoba capital, en la zona de la Universidad Cat\u00f3lica, [&hellip;]<\/p>\n","protected":false},"author":1,"featured_media":10683,"comment_status":"closed","ping_status":"closed","sticky":false,"template":"","format":"standard","meta":{"footnotes":""},"categories":[69],"tags":[345],"class_list":["post-10682","post","type-post","status-publish","format-standard","has-post-thumbnail","hentry","category-noticias","tag-destacar"],"_links":{"self":[{"href":"https:\/\/www.nextmultimedio.com\/index.php?rest_route=\/wp\/v2\/posts\/10682","targetHints":{"allow":["GET"]}}],"collection":[{"href":"https:\/\/www.nextmultimedio.com\/index.php?rest_route=\/wp\/v2\/posts"}],"about":[{"href":"https:\/\/www.nextmultimedio.com\/index.php?rest_route=\/wp\/v2\/types\/post"}],"author":[{"embeddable":true,"href":"https:\/\/www.nextmultimedio.com\/index.php?rest_route=\/wp\/v2\/users\/1"}],"replies":[{"embeddable":true,"href":"https:\/\/www.nextmultimedio.com\/index.php?rest_route=%2Fwp%2Fv2%2Fcomments&post=10682"}],"version-history":[{"count":1,"href":"https:\/\/www.nextmultimedio.com\/index.php?rest_route=\/wp\/v2\/posts\/10682\/revisions"}],"predecessor-version":[{"id":10684,"href":"https:\/\/www.nextmultimedio.com\/index.php?rest_route=\/wp\/v2\/posts\/10682\/revisions\/10684"}],"wp:featuredmedia":[{"embeddable":true,"href":"https:\/\/www.nextmultimedio.com\/index.php?rest_route=\/wp\/v2\/media\/10683"}],"wp:attachment":[{"href":"https:\/\/www.nextmultimedio.com\/index.php?rest_route=%2Fwp%2Fv2%2Fmedia&parent=10682"}],"wp:term":[{"taxonomy":"category","embeddable":true,"href":"https:\/\/www.nextmultimedio.com\/index.php?rest_route=%2Fwp%2Fv2%2Fcategories&post=10682"},{"taxonomy":"post_tag","embeddable":true,"href":"https:\/\/www.nextmultimedio.com\/index.php?rest_route=%2Fwp%2Fv2%2Ftags&post=10682"}],"curies":[{"name":"wp","href":"https:\/\/api.w.org\/{rel}","templated":true}]}}