{"id":10606,"date":"2025-05-22T19:00:52","date_gmt":"2025-05-22T22:00:52","guid":{"rendered":"https:\/\/www.nextmultimedio.com\/?p=10606"},"modified":"2025-05-22T19:00:53","modified_gmt":"2025-05-22T22:00:53","slug":"atencion-fierrerosel-rally-llega-a-carlos-paz-y-te-contamos-todo-lo-que-tenes-que-saber-para-no-perderte-nada-de-la-carrera","status":"publish","type":"post","link":"https:\/\/www.nextmultimedio.com\/?p=10606","title":{"rendered":"ATENCI\u00d3N FIERREROS:EL RALLY LLEGA A CARLOS PAZ Y TE CONTAMOS TODO LO QUE TEN\u00c9S QUE SABER PARA NO PERDERTE NADA DE LA CARRERA"},"content":{"rendered":"\n<p><strong>Entrada libre y gratuita para disfrutar del S\u00faper Especial en la costanera c\u00e9ntrica el s\u00e1bado 24 de mayo a las 15:30hs<\/strong><\/p>\n\n\n\n<figure class=\"wp-block-image size-large\"><img loading=\"lazy\" decoding=\"async\" width=\"576\" height=\"1024\" src=\"https:\/\/www.nextmultimedio.com\/wp-content\/uploads\/2025\/05\/0dab97c5-5aa9-4592-9c4b-75e21ef4f9dd-576x1024.jpg\" alt=\"\" class=\"wp-image-10607\" srcset=\"https:\/\/www.nextmultimedio.com\/wp-content\/uploads\/2025\/05\/0dab97c5-5aa9-4592-9c4b-75e21ef4f9dd-576x1024.jpg 576w, https:\/\/www.nextmultimedio.com\/wp-content\/uploads\/2025\/05\/0dab97c5-5aa9-4592-9c4b-75e21ef4f9dd-169x300.jpg 169w, https:\/\/www.nextmultimedio.com\/wp-content\/uploads\/2025\/05\/0dab97c5-5aa9-4592-9c4b-75e21ef4f9dd-768x1365.jpg 768w, https:\/\/www.nextmultimedio.com\/wp-content\/uploads\/2025\/05\/0dab97c5-5aa9-4592-9c4b-75e21ef4f9dd-864x1536.jpg 864w, https:\/\/www.nextmultimedio.com\/wp-content\/uploads\/2025\/05\/0dab97c5-5aa9-4592-9c4b-75e21ef4f9dd.jpg 900w\" sizes=\"auto, (max-width: 576px) 100vw, 576px\" \/><\/figure>\n\n\n\n<p>La categor\u00eda del rally provincial m\u00e1s importante del pa\u00eds vuelve a la ciudad, el pr\u00f3ximo s\u00e1bado 24 y domingo 25 de mayo, con la participaci\u00f3n de m\u00e1s de 100 tripulaciones y una carrera 100% en asfalto, \u00fanica en Sudam\u00e9rica.Nuestra ciudad ser\u00e1 el epicentro de una competencia sin precedentes en el automovilismo regional; la tercera fecha del Campeonato Provincial Rally Cordob\u00e9s.\u201c<\/p>\n\n\n\n<p>Vamos a tener un fin de semana lleno de actividades. Este es un rally que nos identifica y que tiene que ver con la identidad y la historia de la ciudad. Queremos mejorar la organizaci\u00f3n a\u00f1o tras a\u00f1o y por eso trabajamos en conjunto, con la polic\u00eda, comunas y municipios vecinos y dem\u00e1s, con quienes estamos muy agradecidos. Invitamos a toda la familia a disfrutar de este rally \u00fanico ya que es totalmente en asfalto y con entrada libre y gratuita para todos\u201d, detall\u00f3 el Intendente Esteban Avil\u00e9s<em>Todos los detalles de la carrera<\/em><\/p>\n\n\n\n<p>El pr\u00f3ximo s\u00e1bado 24 y domingo 25 de mayo, Villa Carlos Paz ser\u00e1 el epicentro de la competencia organizada por la Asociaci\u00f3n Civil Organizadora de Rally (ACCOR) y el apoyo de la Secretar\u00eda de Turismo e Innovaci\u00f3n,\u00a0\u00a0Cultura y Deportes; v\u00e1lida por el campeonato que fiscaliza la Federaci\u00f3n Regional de Automovilismo Deportivo de C\u00f3rdoba.El itinerario tendr\u00e1 un condimento especial que lo convertir\u00e1 en un hecho hist\u00f3rico, ya que ser\u00e1 \u00edntegramente en asfalto con el Parque de Asistencia de Villa Carlos Paz como epicentro.El recorrido tendr\u00e1 diversos tramos por la zona de Cuesta Blanca, Falda del Carmen, Observatorio, R\u00edo La Suela, con un s\u00faper especial con entrada libre y gratuita \u00a0en el sector c\u00e9ntrico de la costanera el d\u00eda s\u00e1bado 24 \u00a0de mayo desde las 15:30 hs.<\/p>\n\n\n\n<p>Culminando el evento el domingo 25 de mayo, desde las 15:30 hs., en el Parque de Asistencia (donde se instalar\u00e1 el parque cerrado) con el podio final y entrega de premios.La actividad ser\u00e1 con entrada libre y gratuita. Se recuerda al p\u00fablico que es imprescindible respetar las normas de seguridad y ubicarse \u00fanicamente en las zonas habilitadas para espectadores.Cortes de calles programadosA ra\u00edz de dicho evento deportivo, el d\u00eda s\u00e1bado 24 de mayo, desde las 14 hs.,\u00a0 se ver\u00e1 afectado el tr\u00e1nsito en las siguientes calles: Av. Libertad- Av.Uruguay, Cassaffousth-San Mart\u00edn, Cassaffousth-Costanera D El\u00eda y San Mart\u00edn-Belgrano.Como as\u00ed tambi\u00e9n la modificaci\u00f3n del recorrido del sistema urbano de transporte de pasajeros en las l\u00edneas que circulan por dicha arterias.<\/p>\n\n\n\n<p><\/p>\n\n\n\n<p>Rally de Villa Carlos Paz 2025<br>Cronograma Oficial de Competencia<\/p>\n\n\n\n<p><br>S\u00e1bado 24 de mayo \u2013 Secci\u00f3n 1<br>La acci\u00f3n comenzar\u00e1 a las 13:30 horas con la salida desde el Parque de Servicio en Villa Carlos Paz. Desde all\u00ed, los veh\u00edculos partir\u00e1n hacia el primer tramo cronometrado, \u201cR\u00edo La Suela \u2013 Rotonda (I)\u201d, de 14,88 km, que comenzar\u00e1 a las 14:28.<br>Luego, se disputar\u00e1 la Super Especial Costanera Villa Carlos Paz, un tramo corto y t\u00e9cnico de 1,57 km dentro del casco urbano, con largada a las 15:31.<br>Tras estas dos pruebas, los autos volver\u00e1n al Parque de Servicio para una asistencia r\u00e1pida (Flexi Service A), cerrando la secci\u00f3n a las 16:41.<br>\u2e3b<br>Domingo 25 de mayo \u2013 Secci\u00f3n 2<br>La jornada se reanudar\u00e1 a las 7:25 con la salida desde el Parque Cerrado. Luego de una breve asistencia (Service B), la primera prueba del d\u00eda ser\u00e1 \u201cFalda del Carmen \u2013 Observatorio (II)\u201d de 11,24 km, a partir de las 8:20.<br>A continuaci\u00f3n, se correr\u00e1n \u201cCuesta Blanca \u2013 Rotonda (I)\u201d (6,93 km a las 9:08) y nuevamente \u201cR\u00edo La Suela \u2013 Rotonda (II)\u201d (14,88 km a las 9:35). Esta secci\u00f3n finalizar\u00e1 con el ingreso a Parque Cerrado a las 10:25, seguido por otro Flexi Service (Service C) antes del \u00faltimo reagrupamiento.<br>\u2e3b<br>Domingo 25 de mayo \u2013 Secci\u00f3n 3<br>La \u00faltima secci\u00f3n comenzar\u00e1 a las 12:11 desde el reagrupamiento. Se repetir\u00e1 el tramo \u201cFalda del Carmen \u2013 Observatorio (II)\u201d a las 12:41, seguido nuevamente por \u201cCuesta Blanca \u2013 Rotonda (I)\u201d a las 13:29.<br>La etapa culminar\u00e1 con la Power Stage \u201cR\u00edo La Suela \u2013 Rotonda (III)\u201d a las 13:56, que promete ser decisiva tanto para los tiempos como para el espect\u00e1culo.<br>El podio final est\u00e1 previsto para las 14:59 en Villa Carlos Paz.<br><br>Totales del Rally<br>\u2022Tramos de velocidad (PE): 82,55 km<br>\u2022Enlaces: 312,99 km<br>\u2022Total recorrido: 395,54 km<\/p>\n\n\n\n<p>22\/05\/2025 &#8211; Rally cordob\u00e9s: operativo de seguridad por S\u00faper Especial en la costanera c\u00e9ntrica &#8211; Cortes de calles programados<\/p>\n\n\n\n<p>A ra\u00edz de dicho evento deportivo, el d\u00eda s\u00e1bado 24 de mayo, desde las 14 hs., se ver\u00e1 afectado el tr\u00e1nsito en las siguientes calles: Av. Libertad- Av.Uruguay, Cassaffousth-San Mart\u00edn, Cassaffousth-Costanera D El\u00eda y San Mart\u00edn-Belgrano.<\/p>\n\n\n\n<p>Como as\u00ed tambi\u00e9n la modificaci\u00f3n del recorrido del sistema urbano de transporte de pasajeros en las l\u00edneas que circulan por dicha arterias.<\/p>\n\n\n\n<p>CORTES<\/p>\n\n\n\n<p>A partir de las 14:00hs del s\u00e1bado 24\/05, corte de circulaci\u00f3n vehicular sobre:<\/p>\n\n\n\n<p>\u00fc Cassafoush \/ D\u00b4Ellia<\/p>\n\n\n\n<p>\u00fc Avda. Sabattini \/ Miguel Juarez<\/p>\n\n\n\n<p>\u00fc Sion \/ Illia<\/p>\n\n\n\n<p>\u00fc Colectora Uruguay \/ Descote<\/p>\n\n\n\n<p>\u00fc Costanera Illia \/ Uruguay<\/p>\n\n\n\n<p>\u00fc Avda. San Mart\u00edn \/ Belgrano<\/p>\n\n\n\n<p>\u00fc Avda. San Mart\u00edn \/ Florida<\/p>\n\n\n\n<p>\u00fc Avda. San Mart\u00edn \/ Cassafoush<\/p>\n\n\n\n<p>\u00fc Alberdi \/ Alvear<\/p>\n\n\n\n<p>\u00fc Avda. Sabattini \/ 9 de Julio<\/p>\n\n\n\n<p>\u00fc 9 de Julio \/ Montevideo<\/p>\n\n\n\n<p>RECORRIDO TRANSPORTE URBANO<\/p>\n\n\n\n<p>Circulaci\u00f3n de transporte urbano desde el s\u00e1bado 24\/05 a las 14:00hs<\/p>\n\n\n\n<p>Sentido NORTE a SUR:<\/p>\n\n\n\n<p>\u00fc Por Avda. Libertad<\/p>\n\n\n\n<p>Sentido SUR a NORTE:<\/p>\n\n\n\n<p>\u00fc Avda. Libertad \u2013 Avda. Uruguay \u2013 Sarmiento<\/p>\n\n\n\n<p>Sentido OESTE a NORTE y SUR:<\/p>\n\n\n\n<p>\u00fc Asunci\u00f3n \u2013 9 de Julio \u2013 Pellegrini \u2013 Avda Uruguay<\/p>\n","protected":false},"excerpt":{"rendered":"<p>Entrada libre y gratuita para disfrutar del S\u00faper Especial en la costanera c\u00e9ntrica el s\u00e1bado 24 de mayo a las 15:30hs La categor\u00eda del rally provincial m\u00e1s importante del pa\u00eds vuelve a la ciudad, el pr\u00f3ximo s\u00e1bado 24 y domingo 25 de mayo, con la participaci\u00f3n de m\u00e1s de 100 tripulaciones y una carrera 100% [&hellip;]<\/p>\n","protected":false},"author":1,"featured_media":10601,"comment_status":"closed","ping_status":"closed","sticky":false,"template":"","format":"standard","meta":{"footnotes":""},"categories":[69],"tags":[345],"class_list":["post-10606","post","type-post","status-publish","format-standard","has-post-thumbnail","hentry","category-noticias","tag-destacar"],"_links":{"self":[{"href":"https:\/\/www.nextmultimedio.com\/index.php?rest_route=\/wp\/v2\/posts\/10606","targetHints":{"allow":["GET"]}}],"collection":[{"href":"https:\/\/www.nextmultimedio.com\/index.php?rest_route=\/wp\/v2\/posts"}],"about":[{"href":"https:\/\/www.nextmultimedio.com\/index.php?rest_route=\/wp\/v2\/types\/post"}],"author":[{"embeddable":true,"href":"https:\/\/www.nextmultimedio.com\/index.php?rest_route=\/wp\/v2\/users\/1"}],"replies":[{"embeddable":true,"href":"https:\/\/www.nextmultimedio.com\/index.php?rest_route=%2Fwp%2Fv2%2Fcomments&post=10606"}],"version-history":[{"count":1,"href":"https:\/\/www.nextmultimedio.com\/index.php?rest_route=\/wp\/v2\/posts\/10606\/revisions"}],"predecessor-version":[{"id":10608,"href":"https:\/\/www.nextmultimedio.com\/index.php?rest_route=\/wp\/v2\/posts\/10606\/revisions\/10608"}],"wp:featuredmedia":[{"embeddable":true,"href":"https:\/\/www.nextmultimedio.com\/index.php?rest_route=\/wp\/v2\/media\/10601"}],"wp:attachment":[{"href":"https:\/\/www.nextmultimedio.com\/index.php?rest_route=%2Fwp%2Fv2%2Fmedia&parent=10606"}],"wp:term":[{"taxonomy":"category","embeddable":true,"href":"https:\/\/www.nextmultimedio.com\/index.php?rest_route=%2Fwp%2Fv2%2Fcategories&post=10606"},{"taxonomy":"post_tag","embeddable":true,"href":"https:\/\/www.nextmultimedio.com\/index.php?rest_route=%2Fwp%2Fv2%2Ftags&post=10606"}],"curies":[{"name":"wp","href":"https:\/\/api.w.org\/{rel}","templated":true}]}}