{"id":10522,"date":"2025-05-15T19:45:42","date_gmt":"2025-05-15T22:45:42","guid":{"rendered":"https:\/\/www.nextmultimedio.com\/?p=10522"},"modified":"2025-05-15T19:45:43","modified_gmt":"2025-05-15T22:45:43","slug":"nueve-detenidos-por-integrar-una-banda-de-motochorros","status":"publish","type":"post","link":"https:\/\/www.nextmultimedio.com\/?p=10522","title":{"rendered":"NUEVE DETENIDOS POR INTEGRAR UNA BANDA DE MOTOCHORROS"},"content":{"rendered":"\n<figure class=\"wp-block-image size-full\"><img loading=\"lazy\" decoding=\"async\" width=\"593\" height=\"395\" src=\"https:\/\/www.nextmultimedio.com\/wp-content\/uploads\/2025\/05\/497914216_18298829911243999_1963156494788483843_n.jpg\" alt=\"\" class=\"wp-image-10524\" srcset=\"https:\/\/www.nextmultimedio.com\/wp-content\/uploads\/2025\/05\/497914216_18298829911243999_1963156494788483843_n.jpg 593w, https:\/\/www.nextmultimedio.com\/wp-content\/uploads\/2025\/05\/497914216_18298829911243999_1963156494788483843_n-300x200.jpg 300w\" sizes=\"auto, (max-width: 593px) 100vw, 593px\" \/><\/figure>\n\n\n\n<p>Operaban en zona c\u00e9ntrica y barrios de la Capital bajo la modalidad de salideras bancarias, y tambi\u00e9n abordando vecinos en la v\u00eda p\u00fablica e ingresando a sus viviendas.<\/p>\n\n\n\n<p>Se conduc\u00edan en motocicletas y amenzaban a las v\u00edctimas con armas de fuego.<\/p>\n\n\n\n<p>En <a><\/a>la madrugada de este jueves 15 de mayo, el ministro de Seguridad, Juan Pablo Quinteros, y el director general de Investigaciones Criminales, Crio. Gral. Alberto Bietti, supervisaron un importante operativo llevado a cabo por personal de la direcci\u00f3n general de Investigaciones Criminales, a trav\u00e9s del departamento Robos y Hurtos, a partir del cual se desarticul\u00f3 una organizaci\u00f3n de motochorros dedicada a la realizaci\u00f3n de salideras bancarias y otros delitos.<\/p>\n\n\n\n<p>Por disposici\u00f3n de la Fiscal\u00eda de Instrucci\u00f3n del Distrito II, Turno 6, a cargo<\/p>\n\n\n\n<p>de la Dra. Eugenia P\u00e9rez Moreno, se realizaron m\u00e1s de treinta llanamientos simult\u00e1neos en diversos puntos de la ciudad, culminando con la detenci\u00f3n de *nueve individuos masculinos mayores de edad*, imputados bajo las figuras de robo calificado por uso de arma de fuego, robo calificado en banda y poblado, y asociaci\u00f3n il\u00edcita.<\/p>\n\n\n\n<p>De hecho, se constat\u00f3 que dos de ellos hab\u00edan sido ya detenidos por el robo en motocicleta bajo la modalidad de arrebato de un celular a una joven que fue v\u00edctima de los mismos el pasado 4 de febrero, en las inmediaciones del Patio Olmos. En la ocasi\u00f3n, y con la participaci\u00f3n del ministro de Seguridad, ambos fueron detenidos y el celular recuperado.<\/p>\n\n\n\n<p>El abordaje a las victimas era pepetrado entre varios sujetos que se conduc\u00edan en motocicletas y armados, tanto bajo la modalidad de salideras bancarias, como as\u00ed tambien abordando vecinos en la v\u00eda p\u00fablica e ingresando a sus viviendas.<\/p>\n\n\n\n<p>Durante los allanamientos realizados se procedi\u00f3 al secuestro de autom\u00f3viles, motocicletas, cascos, doce tel\u00e9fonos celulares,<\/p>\n\n\n\n<p>prendas de vestir, entre otros elementos vinculados a la causa.<\/p>\n\n\n\n<p><a href=\"https:\/\/www.facebook.com\/photo\/?fbid=1260551776075996&amp;set=pcb.1260551799409327&amp;__cft__[0]=AZVXdsV444MGqSnDYSWhIZnbmvFIFrIRctgTMSFdQaglios4RxTjyh01-oRvXJ6yz5XFMkRgGuMyfBglds4KqamzPxQZsDQX4cb4NcQrvo47iKmAN2N6kLtmGXicEt8uH1stfyfmvZu6WjviM0qCuT7O46kf7xSNQYcPTmYNaQLke-SNeEO4MZwoVtCZGMnQ3Xbwv-NnkJYLfjxOOFwTRau1&amp;__tn__=*b0H-R\"><\/a><\/p>\n\n\n\n<figure class=\"wp-block-image\"><a href=\"https:\/\/www.facebook.com\/photo\/?fbid=1260551776075996&amp;set=pcb.1260551799409327&amp;__cft__[0]=AZVXdsV444MGqSnDYSWhIZnbmvFIFrIRctgTMSFdQaglios4RxTjyh01-oRvXJ6yz5XFMkRgGuMyfBglds4KqamzPxQZsDQX4cb4NcQrvo47iKmAN2N6kLtmGXicEt8uH1stfyfmvZu6WjviM0qCuT7O46kf7xSNQYcPTmYNaQLke-SNeEO4MZwoVtCZGMnQ3Xbwv-NnkJYLfjxOOFwTRau1&amp;__tn__=*b0H-R\"><img decoding=\"async\" src=\"https:\/\/scontent.fcor10-4.fna.fbcdn.net\/v\/t51.75761-15\/497914216_18298829911243999_1963156494788483843_n.webp?stp=dst-jpg_p526x395_tt6&amp;_nc_cat=106&amp;ccb=1-7&amp;_nc_sid=127cfc&amp;_nc_eui2=AeEf6cFnqkQJIDgiZkGcvwB5C5OjavGMnN0Lk6Nq8Yyc3XAtKPHV-Ewq7FCQwh2tdyI&amp;_nc_ohc=_2WmWSIpkDsQ7kNvwHEj7Vx&amp;_nc_oc=AdmBY_Cq215L-nJa3ckh4uHDwxOMFnM6M487NG70U4lt05N44uYC8sHbGTBD5olKCQE&amp;_nc_zt=23&amp;_nc_ht=scontent.fcor10-4.fna&amp;_nc_gid=-Zttbd2k6sATkW58m0HZAg&amp;oh=00_AfIGhwFHGgYm3Q6YaHyvYrPKT9wUEBHhekByrcQ3ubNsBA&amp;oe=682C5356\" alt=\"\"\/><\/a><\/figure>\n\n\n\n<p><a href=\"https:\/\/www.facebook.com\/photo\/?fbid=1260551779409329&amp;set=pcb.1260551799409327&amp;__cft__[0]=AZVXdsV444MGqSnDYSWhIZnbmvFIFrIRctgTMSFdQaglios4RxTjyh01-oRvXJ6yz5XFMkRgGuMyfBglds4KqamzPxQZsDQX4cb4NcQrvo47iKmAN2N6kLtmGXicEt8uH1stfyfmvZu6WjviM0qCuT7O46kf7xSNQYcPTmYNaQLke-SNeEO4MZwoVtCZGMnQ3Xbwv-NnkJYLfjxOOFwTRau1&amp;__tn__=*b1H-R\"><\/a><\/p>\n\n\n\n<figure class=\"wp-block-image\"><a href=\"https:\/\/www.facebook.com\/photo\/?fbid=1260551779409329&amp;set=pcb.1260551799409327&amp;__cft__[0]=AZVXdsV444MGqSnDYSWhIZnbmvFIFrIRctgTMSFdQaglios4RxTjyh01-oRvXJ6yz5XFMkRgGuMyfBglds4KqamzPxQZsDQX4cb4NcQrvo47iKmAN2N6kLtmGXicEt8uH1stfyfmvZu6WjviM0qCuT7O46kf7xSNQYcPTmYNaQLke-SNeEO4MZwoVtCZGMnQ3Xbwv-NnkJYLfjxOOFwTRau1&amp;__tn__=*b1H-R\"><img decoding=\"async\" src=\"https:\/\/scontent.fcor10-3.fna.fbcdn.net\/v\/t51.75761-15\/497523834_18298829920243999_435001402648289422_n.webp?stp=dst-jpg_p526x395_tt6&amp;_nc_cat=107&amp;ccb=1-7&amp;_nc_sid=127cfc&amp;_nc_eui2=AeHZ5g1lVQvXA3qjO31s8O-uofeHSI5loYeh94dIjmWhh80OZE8t8F8JM2bFmRqCQTE&amp;_nc_ohc=Mo44UaoP60cQ7kNvwFyMj_f&amp;_nc_oc=Adk2AFTmv5ewVSsvjzqVgtJQ8kwK9u4xAsHMQlI_10U4v_AIiT6zlE-EY_IkW7vebmY&amp;_nc_zt=23&amp;_nc_ht=scontent.fcor10-3.fna&amp;_nc_gid=-Zttbd2k6sATkW58m0HZAg&amp;oh=00_AfITcKlQaKfu38U1qjmOUwAh5-D0MEUTKOni1ttF955HwA&amp;oe=682C2929\" alt=\"\"\/><\/a><\/figure>\n","protected":false},"excerpt":{"rendered":"<p>Operaban en zona c\u00e9ntrica y barrios de la Capital bajo la modalidad de salideras bancarias, y tambi\u00e9n abordando vecinos en la v\u00eda p\u00fablica e ingresando a sus viviendas. Se conduc\u00edan en motocicletas y amenzaban a las v\u00edctimas con armas de fuego. En la madrugada de este jueves 15 de mayo, el ministro de Seguridad, Juan [&hellip;]<\/p>\n","protected":false},"author":1,"featured_media":10524,"comment_status":"closed","ping_status":"closed","sticky":false,"template":"","format":"standard","meta":{"footnotes":""},"categories":[69],"tags":[345],"class_list":["post-10522","post","type-post","status-publish","format-standard","has-post-thumbnail","hentry","category-noticias","tag-destacar"],"_links":{"self":[{"href":"https:\/\/www.nextmultimedio.com\/index.php?rest_route=\/wp\/v2\/posts\/10522","targetHints":{"allow":["GET"]}}],"collection":[{"href":"https:\/\/www.nextmultimedio.com\/index.php?rest_route=\/wp\/v2\/posts"}],"about":[{"href":"https:\/\/www.nextmultimedio.com\/index.php?rest_route=\/wp\/v2\/types\/post"}],"author":[{"embeddable":true,"href":"https:\/\/www.nextmultimedio.com\/index.php?rest_route=\/wp\/v2\/users\/1"}],"replies":[{"embeddable":true,"href":"https:\/\/www.nextmultimedio.com\/index.php?rest_route=%2Fwp%2Fv2%2Fcomments&post=10522"}],"version-history":[{"count":1,"href":"https:\/\/www.nextmultimedio.com\/index.php?rest_route=\/wp\/v2\/posts\/10522\/revisions"}],"predecessor-version":[{"id":10525,"href":"https:\/\/www.nextmultimedio.com\/index.php?rest_route=\/wp\/v2\/posts\/10522\/revisions\/10525"}],"wp:featuredmedia":[{"embeddable":true,"href":"https:\/\/www.nextmultimedio.com\/index.php?rest_route=\/wp\/v2\/media\/10524"}],"wp:attachment":[{"href":"https:\/\/www.nextmultimedio.com\/index.php?rest_route=%2Fwp%2Fv2%2Fmedia&parent=10522"}],"wp:term":[{"taxonomy":"category","embeddable":true,"href":"https:\/\/www.nextmultimedio.com\/index.php?rest_route=%2Fwp%2Fv2%2Fcategories&post=10522"},{"taxonomy":"post_tag","embeddable":true,"href":"https:\/\/www.nextmultimedio.com\/index.php?rest_route=%2Fwp%2Fv2%2Ftags&post=10522"}],"curies":[{"name":"wp","href":"https:\/\/api.w.org\/{rel}","templated":true}]}}