{"id":10500,"date":"2025-05-14T20:14:32","date_gmt":"2025-05-14T23:14:32","guid":{"rendered":"https:\/\/www.nextmultimedio.com\/?p=10500"},"modified":"2025-05-14T20:14:32","modified_gmt":"2025-05-14T23:14:32","slug":"eliminaran-impuestos-a-celulares-y-otros-productos-tecnologicos","status":"publish","type":"post","link":"https:\/\/www.nextmultimedio.com\/?p=10500","title":{"rendered":"ELIMINAR\u00c1N IMPUESTOS A CELULARES Y OTROS PRODUCTOS TECNOL\u00d3GICOS"},"content":{"rendered":"\n<figure class=\"wp-block-image size-full\"><img loading=\"lazy\" decoding=\"async\" width=\"720\" height=\"540\" src=\"https:\/\/www.nextmultimedio.com\/wp-content\/uploads\/2025\/05\/497594940_18298710439243999_7229598764585440984_n.jpg\" alt=\"\" class=\"wp-image-10501\" srcset=\"https:\/\/www.nextmultimedio.com\/wp-content\/uploads\/2025\/05\/497594940_18298710439243999_7229598764585440984_n.jpg 720w, https:\/\/www.nextmultimedio.com\/wp-content\/uploads\/2025\/05\/497594940_18298710439243999_7229598764585440984_n-300x225.jpg 300w\" sizes=\"auto, (max-width: 720px) 100vw, 720px\" \/><\/figure>\n\n\n\n<p>A trav\u00e9s de un Decreto que se publicar\u00e1 en los pr\u00f3ximos d\u00edas, el Gobierno Nacional eliminar\u00e1 los aranceles de importaci\u00f3n de los tel\u00e9fonos celulares, que hasta ahora tributaban 16%. El arancel se reducir\u00e1 a la mitad (8%) a partir de la publicaci\u00f3n del Decreto y el 8% restante se eliminar\u00e1 el 15 de enero de 2026.<\/p>\n\n\n\n<p>Se bajar\u00e1n tambi\u00e9n los impuestos internos de 19% a 9,5% a los celulares, televisores y aires <a><\/a>acondicionados importados, mientras que a los producidos en Tierra del Fuego se les bajar\u00e1 del 9,5% al 0%. Adem\u00e1s, los aranceles de las consolas de juego bajar\u00e1n del 35% al 20% a partir de la publicaci\u00f3n del Decreto.<\/p>\n\n\n\n<p>De acuerdo a lo informado por Naci\u00f3n, la medida producir\u00e1 una baja general de los precios y un aumento de la oferta de m\u00e1s y mejores modelos a trav\u00e9s de una mayor competencia. Se estima que los precios de los productos electr\u00f3nicos importados bajar\u00e1 alrededor de un 30%. Esta reducci\u00f3n equiparar\u00e1 su valor en Argentina con los pa\u00edses vecinos y bajar\u00e1 tambi\u00e9n los precios de los productos provenientes de Tierra del Fuego.<\/p>\n\n\n\n<p>Este tipo de celulares cuestan 2.566 d\u00f3lares en Argentina, 1.290 d\u00f3lares en Espa\u00f1a, en Chile 1.147, en el Reino Unido 1.143 y en Estados Unidos 1.011 d\u00f3lares.<\/p>\n\n\n\n<p>Este nivel de precios genera m\u00faltiples problemas como menor acceso a una tecnolog\u00eda fundamental para el trabajo y la educaci\u00f3n, aumento del contrabando y mayor incidencia delictiva en el robo de celulares.<\/p>\n\n\n\n<p><a href=\"https:\/\/www.facebook.com\/photo\/?fbid=1259475052850335&amp;set=a.356501556481027&amp;__cft__[0]=AZU6-vGdnBZdkHnNYBTQI8UNKfLSZAJbQGuqUFTtqK6yUc7DG4KdmwIJrzaozgCXYDdhhBVEnGr4OHtOkaZvQ9iP2MtJ_LAafxyrhowtBTXl9gYKOxsJwbi4RO5vZQZm_rk6kL1hSziYO_F6_ceNH99EYfjZhB_a7Yb9WvZW3F2t9RJzzTSErbJXZVs7Ve6Xg66f8wR29ifJ4325-mvnuyzn&amp;__tn__=EH-R\"><\/a><\/p>\n\n\n\n<figure class=\"wp-block-image\"><a href=\"https:\/\/www.facebook.com\/photo\/?fbid=1259475052850335&amp;set=a.356501556481027&amp;__cft__[0]=AZU6-vGdnBZdkHnNYBTQI8UNKfLSZAJbQGuqUFTtqK6yUc7DG4KdmwIJrzaozgCXYDdhhBVEnGr4OHtOkaZvQ9iP2MtJ_LAafxyrhowtBTXl9gYKOxsJwbi4RO5vZQZm_rk6kL1hSziYO_F6_ceNH99EYfjZhB_a7Yb9WvZW3F2t9RJzzTSErbJXZVs7Ve6Xg66f8wR29ifJ4325-mvnuyzn&amp;__tn__=EH-R\"><img decoding=\"async\" src=\"https:\/\/scontent.fcor10-3.fna.fbcdn.net\/v\/t51.75761-15\/497594940_18298710439243999_7229598764585440984_n.webp?stp=dst-jpg_s720x720_tt6&amp;_nc_cat=104&amp;ccb=1-7&amp;_nc_sid=127cfc&amp;_nc_eui2=AeEcP9zth3hc5JK4s4vCTTt5TFdVtAMvQK9MV1W0Ay9Ar9wEL5PTevA4igk3pQZQAAA&amp;_nc_ohc=lQldnpOGEwsQ7kNvwGWNbqU&amp;_nc_oc=Adm2_QsfIrlJsWgihU_GQe2ENzG0dUeZyQWQhuAIBXiHBDNSsMnfim8Ex-QphgVtUKw&amp;_nc_zt=23&amp;_nc_ht=scontent.fcor10-3.fna&amp;_nc_gid=GtFBrLDhMCVvXJo-99aLdw&amp;oh=00_AfK6yL9GJ1qJdNYSzMdiYdz--NSxjAJrChPXQ10TAyl2kA&amp;oe=682AF9AD\" alt=\"Puede ser una imagen de tel\u00e9fono y texto\"\/><\/a><\/figure>\n","protected":false},"excerpt":{"rendered":"<p>A trav\u00e9s de un Decreto que se publicar\u00e1 en los pr\u00f3ximos d\u00edas, el Gobierno Nacional eliminar\u00e1 los aranceles de importaci\u00f3n de los tel\u00e9fonos celulares, que hasta ahora tributaban 16%. El arancel se reducir\u00e1 a la mitad (8%) a partir de la publicaci\u00f3n del Decreto y el 8% restante se eliminar\u00e1 el 15 de enero de [&hellip;]<\/p>\n","protected":false},"author":1,"featured_media":10501,"comment_status":"closed","ping_status":"closed","sticky":false,"template":"","format":"standard","meta":{"footnotes":""},"categories":[69],"tags":[345],"class_list":["post-10500","post","type-post","status-publish","format-standard","has-post-thumbnail","hentry","category-noticias","tag-destacar"],"_links":{"self":[{"href":"https:\/\/www.nextmultimedio.com\/index.php?rest_route=\/wp\/v2\/posts\/10500","targetHints":{"allow":["GET"]}}],"collection":[{"href":"https:\/\/www.nextmultimedio.com\/index.php?rest_route=\/wp\/v2\/posts"}],"about":[{"href":"https:\/\/www.nextmultimedio.com\/index.php?rest_route=\/wp\/v2\/types\/post"}],"author":[{"embeddable":true,"href":"https:\/\/www.nextmultimedio.com\/index.php?rest_route=\/wp\/v2\/users\/1"}],"replies":[{"embeddable":true,"href":"https:\/\/www.nextmultimedio.com\/index.php?rest_route=%2Fwp%2Fv2%2Fcomments&post=10500"}],"version-history":[{"count":1,"href":"https:\/\/www.nextmultimedio.com\/index.php?rest_route=\/wp\/v2\/posts\/10500\/revisions"}],"predecessor-version":[{"id":10502,"href":"https:\/\/www.nextmultimedio.com\/index.php?rest_route=\/wp\/v2\/posts\/10500\/revisions\/10502"}],"wp:featuredmedia":[{"embeddable":true,"href":"https:\/\/www.nextmultimedio.com\/index.php?rest_route=\/wp\/v2\/media\/10501"}],"wp:attachment":[{"href":"https:\/\/www.nextmultimedio.com\/index.php?rest_route=%2Fwp%2Fv2%2Fmedia&parent=10500"}],"wp:term":[{"taxonomy":"category","embeddable":true,"href":"https:\/\/www.nextmultimedio.com\/index.php?rest_route=%2Fwp%2Fv2%2Fcategories&post=10500"},{"taxonomy":"post_tag","embeddable":true,"href":"https:\/\/www.nextmultimedio.com\/index.php?rest_route=%2Fwp%2Fv2%2Ftags&post=10500"}],"curies":[{"name":"wp","href":"https:\/\/api.w.org\/{rel}","templated":true}]}}