{"id":10477,"date":"2025-05-12T19:15:32","date_gmt":"2025-05-12T22:15:32","guid":{"rendered":"https:\/\/www.nextmultimedio.com\/?p=10477"},"modified":"2025-05-12T19:15:32","modified_gmt":"2025-05-12T22:15:32","slug":"cordoba-fue-detenida-una-banda-que-robaba-celulares-en-recitales","status":"publish","type":"post","link":"https:\/\/www.nextmultimedio.com\/?p=10477","title":{"rendered":"C\u00d3RDOBA: FUE DETENIDA UNA BANDA QUE ROBABA CELULARES EN RECITALES"},"content":{"rendered":"\n<figure class=\"wp-block-image size-large\"><img loading=\"lazy\" decoding=\"async\" width=\"819\" height=\"1024\" src=\"https:\/\/www.nextmultimedio.com\/wp-content\/uploads\/2025\/05\/491444103_18298487350243999_4564651008526281153_n-819x1024.jpg\" alt=\"\" class=\"wp-image-10478\" srcset=\"https:\/\/www.nextmultimedio.com\/wp-content\/uploads\/2025\/05\/491444103_18298487350243999_4564651008526281153_n-819x1024.jpg 819w, https:\/\/www.nextmultimedio.com\/wp-content\/uploads\/2025\/05\/491444103_18298487350243999_4564651008526281153_n-240x300.jpg 240w, https:\/\/www.nextmultimedio.com\/wp-content\/uploads\/2025\/05\/491444103_18298487350243999_4564651008526281153_n-768x960.jpg 768w, https:\/\/www.nextmultimedio.com\/wp-content\/uploads\/2025\/05\/491444103_18298487350243999_4564651008526281153_n-1229x1536.jpg 1229w, https:\/\/www.nextmultimedio.com\/wp-content\/uploads\/2025\/05\/491444103_18298487350243999_4564651008526281153_n.jpg 1440w\" sizes=\"auto, (max-width: 819px) 100vw, 819px\" \/><\/figure>\n\n\n\n<p>En las \u00faltimas horas, fueron detenidos cuatro individuos relacionados al robo de celulares en recitales.<\/p>\n\n\n\n<p>Los mismos estar\u00edan vinculados a una banda que realizaba dichos il\u00edcitos.<\/p>\n\n\n\n<p>En <a><\/a>uno de los procedimientos a ra\u00edz de una denuncia radicada en sede judicial, efectivos de la Direcci\u00f3n de Coordinaci\u00f3n de Brigadas Civiles cumplimentaron una orden de allanamiento en barrio Ampliaci\u00f3n Cabildo, donde se detuvo a un hombre de 23 a\u00f1os, por supuesta autor\u00eda el delito de Hurto.<\/p>\n\n\n\n<p>El procedimiento, asociado a la sustracci\u00f3n y comercializaci\u00f3n de telefon\u00eda celular en relaci\u00f3n al recital de &#8220;Los Piojos&#8221; del Estadio Kempes del d\u00eda 10\/05, dio como resultado el secuestro de 24 tel\u00e9fonos celulares de alta gama, 3 Notebooks y un bolso con elementos de aluminio para el bloqueo de se\u00f1al de elementos tecnol\u00f3gicos en un laboratorio destinado a estos fines.<\/p>\n\n\n\n<p>Asimismo, y con colaboraci\u00f3n de Polic\u00eda Federal se procedi\u00f3 a la detenci\u00f3n de tres individuos m\u00e1s, con el secuestro de 37 celulares, quienes estar\u00edan implicados en robos perpetrados en eventos de gran concurrencia realizados en la provincia de Bs. As.<\/p>\n\n\n\n<p>Los detenidos y todo lo incautado fueron puestos a disposici\u00f3n de la fiscal\u00eda del Distrito 4 Turno 2.<\/p>\n\n\n\n<p><a href=\"https:\/\/www.facebook.com\/photo\/?fbid=1257494569715050&amp;set=pcb.1257494583048382&amp;__cft__[0]=AZXcCPt_lYayXeBTKQk2scV57nc9lE_u3cY8_xUNxnk-HJ1WdFgzPW9LqACCc9wZERlJikhMvi8CwFx-Qpz1iGGVzH79unMolgEg6vsyCeog9iAeKX0MX9TwUTsuu515qaiS0S4F_v29SXgWnwXewWE--fkIZ39ZqoGdiNkNDkGHPz9pipMYe74kVRtRqaykTOw9x8IFfIa3vFOAsVquGcTQ&amp;__tn__=*b0H-R\"><\/a><\/p>\n\n\n\n<figure class=\"wp-block-image\"><a href=\"https:\/\/www.facebook.com\/photo\/?fbid=1257494569715050&amp;set=pcb.1257494583048382&amp;__cft__[0]=AZXcCPt_lYayXeBTKQk2scV57nc9lE_u3cY8_xUNxnk-HJ1WdFgzPW9LqACCc9wZERlJikhMvi8CwFx-Qpz1iGGVzH79unMolgEg6vsyCeog9iAeKX0MX9TwUTsuu515qaiS0S4F_v29SXgWnwXewWE--fkIZ39ZqoGdiNkNDkGHPz9pipMYe74kVRtRqaykTOw9x8IFfIa3vFOAsVquGcTQ&amp;__tn__=*b0H-R\"><img decoding=\"async\" src=\"https:\/\/scontent.fcor10-3.fna.fbcdn.net\/v\/t51.75761-15\/491444103_18298487350243999_4564651008526281153_n.webp?stp=dst-jpg_s600x600_tt6&amp;_nc_cat=105&amp;ccb=1-7&amp;_nc_sid=127cfc&amp;_nc_eui2=AeGRgDHB7b8zhu6zL0knJLs1bHDsZauEnnFscOxlq4SecatPvq1KLCXcwXHZ1qurRoI&amp;_nc_ohc=CW0x7LskuOwQ7kNvwEZRpUa&amp;_nc_oc=AdnugmYKgyRAvjP0-zl53fCFzmv-gzKtJecPPTnvLlQCp59v8Wpy5aN229PS8r3yd-c&amp;_nc_zt=23&amp;_nc_ht=scontent.fcor10-3.fna&amp;_nc_gid=8Fe-O8jE349SQ19j-RQ05A&amp;oh=00_AfJT-SivY4LofCwbgWzIgIl4uWPgNWHnkS-a89oF_U5xkg&amp;oe=682831C8\" alt=\"\"\/><\/a><\/figure>\n\n\n\n<p><a href=\"https:\/\/www.facebook.com\/photo\/?fbid=1257494566381717&amp;set=pcb.1257494583048382&amp;__cft__[0]=AZXcCPt_lYayXeBTKQk2scV57nc9lE_u3cY8_xUNxnk-HJ1WdFgzPW9LqACCc9wZERlJikhMvi8CwFx-Qpz1iGGVzH79unMolgEg6vsyCeog9iAeKX0MX9TwUTsuu515qaiS0S4F_v29SXgWnwXewWE--fkIZ39ZqoGdiNkNDkGHPz9pipMYe74kVRtRqaykTOw9x8IFfIa3vFOAsVquGcTQ&amp;__tn__=*b1H-R\"><\/a><\/p>\n\n\n\n<figure class=\"wp-block-image\"><a href=\"https:\/\/www.facebook.com\/photo\/?fbid=1257494566381717&amp;set=pcb.1257494583048382&amp;__cft__[0]=AZXcCPt_lYayXeBTKQk2scV57nc9lE_u3cY8_xUNxnk-HJ1WdFgzPW9LqACCc9wZERlJikhMvi8CwFx-Qpz1iGGVzH79unMolgEg6vsyCeog9iAeKX0MX9TwUTsuu515qaiS0S4F_v29SXgWnwXewWE--fkIZ39ZqoGdiNkNDkGHPz9pipMYe74kVRtRqaykTOw9x8IFfIa3vFOAsVquGcTQ&amp;__tn__=*b1H-R\"><img decoding=\"async\" src=\"https:\/\/scontent.fcor10-3.fna.fbcdn.net\/v\/t51.75761-15\/497293442_18298487359243999_5087899285401855109_n.webp?stp=dst-jpg_s600x600_tt6&amp;_nc_cat=100&amp;ccb=1-7&amp;_nc_sid=127cfc&amp;_nc_eui2=AeFBlMlwux2KJWwxpjMCk6RXrdRqLJQ3ezqt1GoslDd7OuFpzcJAR6duP6juiFNpphU&amp;_nc_ohc=hUKKtW6vN2kQ7kNvwGUVVy7&amp;_nc_oc=Adl0JpE4VwoZzMeTWL6V880tzEd7nI7EB-kZ7lMgtGJTS-UDfK7z9fX-4dI99sjSDlk&amp;_nc_zt=23&amp;_nc_ht=scontent.fcor10-3.fna&amp;_nc_gid=8Fe-O8jE349SQ19j-RQ05A&amp;oh=00_AfKm3C6MYPT67cRXqnWp5xxZfkURQPIdu5C2ZjHJvtlxXA&amp;oe=68284AC4\" alt=\"\"\/><\/a><\/figure>\n","protected":false},"excerpt":{"rendered":"<p>En las \u00faltimas horas, fueron detenidos cuatro individuos relacionados al robo de celulares en recitales. Los mismos estar\u00edan vinculados a una banda que realizaba dichos il\u00edcitos. En uno de los procedimientos a ra\u00edz de una denuncia radicada en sede judicial, efectivos de la Direcci\u00f3n de Coordinaci\u00f3n de Brigadas Civiles cumplimentaron una orden de allanamiento en [&hellip;]<\/p>\n","protected":false},"author":1,"featured_media":10478,"comment_status":"closed","ping_status":"closed","sticky":false,"template":"","format":"standard","meta":{"footnotes":""},"categories":[69],"tags":[345],"class_list":["post-10477","post","type-post","status-publish","format-standard","has-post-thumbnail","hentry","category-noticias","tag-destacar"],"_links":{"self":[{"href":"https:\/\/www.nextmultimedio.com\/index.php?rest_route=\/wp\/v2\/posts\/10477","targetHints":{"allow":["GET"]}}],"collection":[{"href":"https:\/\/www.nextmultimedio.com\/index.php?rest_route=\/wp\/v2\/posts"}],"about":[{"href":"https:\/\/www.nextmultimedio.com\/index.php?rest_route=\/wp\/v2\/types\/post"}],"author":[{"embeddable":true,"href":"https:\/\/www.nextmultimedio.com\/index.php?rest_route=\/wp\/v2\/users\/1"}],"replies":[{"embeddable":true,"href":"https:\/\/www.nextmultimedio.com\/index.php?rest_route=%2Fwp%2Fv2%2Fcomments&post=10477"}],"version-history":[{"count":1,"href":"https:\/\/www.nextmultimedio.com\/index.php?rest_route=\/wp\/v2\/posts\/10477\/revisions"}],"predecessor-version":[{"id":10479,"href":"https:\/\/www.nextmultimedio.com\/index.php?rest_route=\/wp\/v2\/posts\/10477\/revisions\/10479"}],"wp:featuredmedia":[{"embeddable":true,"href":"https:\/\/www.nextmultimedio.com\/index.php?rest_route=\/wp\/v2\/media\/10478"}],"wp:attachment":[{"href":"https:\/\/www.nextmultimedio.com\/index.php?rest_route=%2Fwp%2Fv2%2Fmedia&parent=10477"}],"wp:term":[{"taxonomy":"category","embeddable":true,"href":"https:\/\/www.nextmultimedio.com\/index.php?rest_route=%2Fwp%2Fv2%2Fcategories&post=10477"},{"taxonomy":"post_tag","embeddable":true,"href":"https:\/\/www.nextmultimedio.com\/index.php?rest_route=%2Fwp%2Fv2%2Ftags&post=10477"}],"curies":[{"name":"wp","href":"https:\/\/api.w.org\/{rel}","templated":true}]}}