{"id":10445,"date":"2025-05-08T17:07:35","date_gmt":"2025-05-08T20:07:35","guid":{"rendered":"https:\/\/www.nextmultimedio.com\/?p=10445"},"modified":"2025-05-08T17:07:36","modified_gmt":"2025-05-08T20:07:36","slug":"mas-de-260-remeros-y-13-clubes-de-todo-el-pais-formaran-parte-de-la-regata-villa-carlos-paz-2025","status":"publish","type":"post","link":"https:\/\/www.nextmultimedio.com\/?p=10445","title":{"rendered":"M\u00c1S DE 260 REMEROS Y 13 CLUBES DE TODO EL PA\u00cdS FORMAR\u00c1N PARTE DE LA REGATA \u201cVILLA CARLOS PAZ 2025\u201d"},"content":{"rendered":"\n<figure class=\"wp-block-image size-large\"><img loading=\"lazy\" decoding=\"async\" width=\"1024\" height=\"768\" src=\"https:\/\/www.nextmultimedio.com\/wp-content\/uploads\/2025\/05\/3e69ae7f-3f39-400e-96f7-8d3969ff3778-1-2-1024x768.jpg\" alt=\"\" class=\"wp-image-10447\" srcset=\"https:\/\/www.nextmultimedio.com\/wp-content\/uploads\/2025\/05\/3e69ae7f-3f39-400e-96f7-8d3969ff3778-1-2-1024x768.jpg 1024w, https:\/\/www.nextmultimedio.com\/wp-content\/uploads\/2025\/05\/3e69ae7f-3f39-400e-96f7-8d3969ff3778-1-2-300x225.jpg 300w, https:\/\/www.nextmultimedio.com\/wp-content\/uploads\/2025\/05\/3e69ae7f-3f39-400e-96f7-8d3969ff3778-1-2-768x576.jpg 768w, https:\/\/www.nextmultimedio.com\/wp-content\/uploads\/2025\/05\/3e69ae7f-3f39-400e-96f7-8d3969ff3778-1-2-1536x1152.jpg 1536w, https:\/\/www.nextmultimedio.com\/wp-content\/uploads\/2025\/05\/3e69ae7f-3f39-400e-96f7-8d3969ff3778-1-2-2048x1536.jpg 2048w\" sizes=\"auto, (max-width: 1024px) 100vw, 1024px\" \/><\/figure>\n\n\n\n<p>Este fin de semana, nuestra ciudad ser\u00e1 epicentro de la regata nacional Villa Carlos Paz, con la presencia de m\u00e1s de 260 remeros que llegar\u00e1n desde distintas provincias de nuestro pa\u00eds, representando a 13 clubes nacionales que se dar\u00e1n cita en las aguas del Lago San Roque.<\/p>\n\n\n\n<p>Con la organizaci\u00f3n de la Asociaci\u00f3n Cordobesa de Remo (ACR) y el apoyo de la Municipalidad de Villa Carlos Paz, junto a la Comisi\u00f3n Internacional de Regatas del Litoral y la Asociaci\u00f3n Argentina de Remeros Aficionados; una vez m\u00e1s lo mejor del remo nacional se presenta en la ciudad.<\/p>\n\n\n\n<p>La competencia se dar\u00e1 bajo las modalidades Regata Oficial CRIL N\u00ba 258, la XV Regata de Velocidad CRIL y la Regata Promocional Villa Carlos Paz 2025.<\/p>\n\n\n\n<p>El Intendente Esteban Avil\u00e9s, destac\u00f3: \u201cAcompa\u00f1amos a la Asociaci\u00f3n Cordobesa de Remo que contin\u00faa trabajando de gran manera en Villa Carlos Paz con la promoci\u00f3n de la pr\u00e1ctica deportiva y fomentando el esp\u00edritu sano en cada una de las competencias. Es un evento deportivo nacional muy importante para toda la ciudad que disfrutaremos durante todo el fin de semana\u201d.<\/p>\n\n\n\n<p>Por su parte, el presidente de la ACR, Gustavo Camps, se\u00f1al\u00f3: \u201cQueremos agradecer a la Municipalidad de Villa Carlos Paz por acompa\u00f1ar todos los eventos y actividades que realizamos en el Club, vamos a vivir una competencia con gran convocatoria y de gran nivel nacional, donde adem\u00e1s estar\u00e1 Ignacio Mamani, remero integrante de la Selecci\u00f3n Nacional que fue formado en Villa Carlos Paz por la instituci\u00f3n, y se consagr\u00f3 campe\u00f3n sudamericano en Paraguay durante las \u00faltimas semanas\u201d.<\/p>\n\n\n\n<p><strong>La actividad se desarrollar\u00e1 de acuerdo al siguiente cronograma:<\/strong><\/p>\n\n\n\n<p><strong>Viernes 9\/05:<\/strong><\/p>\n\n\n\n<p>14:00hs. Eliminatorias<\/p>\n\n\n\n<p>18:00hs. Acreditaciones y cobro de inscripciones.<\/p>\n\n\n\n<p>19:30hs. Reuni\u00f3n de Capitanes (reuni\u00f3n \u00fanica, para todas las regatas).<\/p>\n\n\n\n<p><strong>S\u00e1bado 10\/05:<\/strong><\/p>\n\n\n\n<p>08:00hs. Regata Oficial CRIL<\/p>\n\n\n\n<p>15:00hs. Regata Promocional ACR<\/p>\n\n\n\n<p><strong>Domingo 11\/05:<\/strong><\/p>\n\n\n\n<p>09:00hs.&nbsp;&nbsp;&nbsp; XV Regata de Velocidad CRIL<\/p>\n\n\n\n<p><\/p>\n","protected":false},"excerpt":{"rendered":"<p>Este fin de semana, nuestra ciudad ser\u00e1 epicentro de la regata nacional Villa Carlos Paz, con la presencia de m\u00e1s de 260 remeros que llegar\u00e1n desde distintas provincias de nuestro pa\u00eds, representando a 13 clubes nacionales que se dar\u00e1n cita en las aguas del Lago San Roque. Con la organizaci\u00f3n de la Asociaci\u00f3n Cordobesa de [&hellip;]<\/p>\n","protected":false},"author":1,"featured_media":10446,"comment_status":"closed","ping_status":"closed","sticky":false,"template":"","format":"standard","meta":{"footnotes":""},"categories":[69],"tags":[345],"class_list":["post-10445","post","type-post","status-publish","format-standard","has-post-thumbnail","hentry","category-noticias","tag-destacar"],"_links":{"self":[{"href":"https:\/\/www.nextmultimedio.com\/index.php?rest_route=\/wp\/v2\/posts\/10445","targetHints":{"allow":["GET"]}}],"collection":[{"href":"https:\/\/www.nextmultimedio.com\/index.php?rest_route=\/wp\/v2\/posts"}],"about":[{"href":"https:\/\/www.nextmultimedio.com\/index.php?rest_route=\/wp\/v2\/types\/post"}],"author":[{"embeddable":true,"href":"https:\/\/www.nextmultimedio.com\/index.php?rest_route=\/wp\/v2\/users\/1"}],"replies":[{"embeddable":true,"href":"https:\/\/www.nextmultimedio.com\/index.php?rest_route=%2Fwp%2Fv2%2Fcomments&post=10445"}],"version-history":[{"count":1,"href":"https:\/\/www.nextmultimedio.com\/index.php?rest_route=\/wp\/v2\/posts\/10445\/revisions"}],"predecessor-version":[{"id":10448,"href":"https:\/\/www.nextmultimedio.com\/index.php?rest_route=\/wp\/v2\/posts\/10445\/revisions\/10448"}],"wp:featuredmedia":[{"embeddable":true,"href":"https:\/\/www.nextmultimedio.com\/index.php?rest_route=\/wp\/v2\/media\/10446"}],"wp:attachment":[{"href":"https:\/\/www.nextmultimedio.com\/index.php?rest_route=%2Fwp%2Fv2%2Fmedia&parent=10445"}],"wp:term":[{"taxonomy":"category","embeddable":true,"href":"https:\/\/www.nextmultimedio.com\/index.php?rest_route=%2Fwp%2Fv2%2Fcategories&post=10445"},{"taxonomy":"post_tag","embeddable":true,"href":"https:\/\/www.nextmultimedio.com\/index.php?rest_route=%2Fwp%2Fv2%2Ftags&post=10445"}],"curies":[{"name":"wp","href":"https:\/\/api.w.org\/{rel}","templated":true}]}}