{"id":10425,"date":"2025-05-06T20:54:24","date_gmt":"2025-05-06T23:54:24","guid":{"rendered":"https:\/\/www.nextmultimedio.com\/?p=10425"},"modified":"2025-05-06T20:54:25","modified_gmt":"2025-05-06T23:54:25","slug":"accidente-en-villa-del-lago-2","status":"publish","type":"post","link":"https:\/\/www.nextmultimedio.com\/?p=10425","title":{"rendered":"ACCIDENTE EN VILLA DEL LAGO"},"content":{"rendered":"\n<figure class=\"wp-block-image size-large\"><img loading=\"lazy\" decoding=\"async\" width=\"1024\" height=\"447\" src=\"https:\/\/www.nextmultimedio.com\/wp-content\/uploads\/2025\/05\/968cffaf-48df-487c-91af-ad95b10ae5ed-1024x447.jpg\" alt=\"\" class=\"wp-image-10426\" srcset=\"https:\/\/www.nextmultimedio.com\/wp-content\/uploads\/2025\/05\/968cffaf-48df-487c-91af-ad95b10ae5ed-1024x447.jpg 1024w, https:\/\/www.nextmultimedio.com\/wp-content\/uploads\/2025\/05\/968cffaf-48df-487c-91af-ad95b10ae5ed-300x131.jpg 300w, https:\/\/www.nextmultimedio.com\/wp-content\/uploads\/2025\/05\/968cffaf-48df-487c-91af-ad95b10ae5ed-768x335.jpg 768w, https:\/\/www.nextmultimedio.com\/wp-content\/uploads\/2025\/05\/968cffaf-48df-487c-91af-ad95b10ae5ed-1536x670.jpg 1536w, https:\/\/www.nextmultimedio.com\/wp-content\/uploads\/2025\/05\/968cffaf-48df-487c-91af-ad95b10ae5ed.jpg 1600w\" sizes=\"auto, (max-width: 1024px) 100vw, 1024px\" \/><\/figure>\n\n\n\n<p>Personal policial se constituy\u00f3 en el lugar mencionado, donde entrevist\u00f3 a un hombre de 23 a\u00f1os de edad, quien ven\u00eda circulando en su motocicleta Honda Wave 110cc y por motivos a establecer, frena de repente un veh\u00edculo gris impactando en su parte trasera, donde el veh\u00edculo mayor abandona el lugar. <\/p>\n\n\n\n<p>Se hizo presente el servicio de emergencias, quienes asisten y trasladan al masculino al Hospital Municipal, con el diagnostico luxaci\u00f3n hombro derecho y politraumatismos. <\/p>\n\n\n\n<p>Quedando el rodado a disposici\u00f3n de la justicia.<\/p>\n","protected":false},"excerpt":{"rendered":"<p>Personal policial se constituy\u00f3 en el lugar mencionado, donde entrevist\u00f3 a un hombre de 23 a\u00f1os de edad, quien ven\u00eda circulando en su motocicleta Honda Wave 110cc y por motivos a establecer, frena de repente un veh\u00edculo gris impactando en su parte trasera, donde el veh\u00edculo mayor abandona el lugar. Se hizo presente el servicio [&hellip;]<\/p>\n","protected":false},"author":1,"featured_media":10426,"comment_status":"closed","ping_status":"closed","sticky":false,"template":"","format":"standard","meta":{"footnotes":""},"categories":[69],"tags":[345],"class_list":["post-10425","post","type-post","status-publish","format-standard","has-post-thumbnail","hentry","category-noticias","tag-destacar"],"_links":{"self":[{"href":"https:\/\/www.nextmultimedio.com\/index.php?rest_route=\/wp\/v2\/posts\/10425","targetHints":{"allow":["GET"]}}],"collection":[{"href":"https:\/\/www.nextmultimedio.com\/index.php?rest_route=\/wp\/v2\/posts"}],"about":[{"href":"https:\/\/www.nextmultimedio.com\/index.php?rest_route=\/wp\/v2\/types\/post"}],"author":[{"embeddable":true,"href":"https:\/\/www.nextmultimedio.com\/index.php?rest_route=\/wp\/v2\/users\/1"}],"replies":[{"embeddable":true,"href":"https:\/\/www.nextmultimedio.com\/index.php?rest_route=%2Fwp%2Fv2%2Fcomments&post=10425"}],"version-history":[{"count":1,"href":"https:\/\/www.nextmultimedio.com\/index.php?rest_route=\/wp\/v2\/posts\/10425\/revisions"}],"predecessor-version":[{"id":10427,"href":"https:\/\/www.nextmultimedio.com\/index.php?rest_route=\/wp\/v2\/posts\/10425\/revisions\/10427"}],"wp:featuredmedia":[{"embeddable":true,"href":"https:\/\/www.nextmultimedio.com\/index.php?rest_route=\/wp\/v2\/media\/10426"}],"wp:attachment":[{"href":"https:\/\/www.nextmultimedio.com\/index.php?rest_route=%2Fwp%2Fv2%2Fmedia&parent=10425"}],"wp:term":[{"taxonomy":"category","embeddable":true,"href":"https:\/\/www.nextmultimedio.com\/index.php?rest_route=%2Fwp%2Fv2%2Fcategories&post=10425"},{"taxonomy":"post_tag","embeddable":true,"href":"https:\/\/www.nextmultimedio.com\/index.php?rest_route=%2Fwp%2Fv2%2Ftags&post=10425"}],"curies":[{"name":"wp","href":"https:\/\/api.w.org\/{rel}","templated":true}]}}