{"id":10358,"date":"2025-04-30T20:15:57","date_gmt":"2025-04-30T23:15:57","guid":{"rendered":"https:\/\/www.nextmultimedio.com\/?p=10358"},"modified":"2025-04-30T20:21:40","modified_gmt":"2025-04-30T23:21:40","slug":"1o-de-mayo-que-servicios-funcionaran-y-que-servicios-no-funcionaran","status":"publish","type":"post","link":"https:\/\/www.nextmultimedio.com\/?p=10358","title":{"rendered":"1\u00ba DE MAYO: QU\u00c9 SERVICIOS FUNCIONAR\u00c1N Y QU\u00c9 SERVICIOS NO FUNCIONAR\u00c1N"},"content":{"rendered":"\n<figure class=\"wp-block-image size-large\"><img loading=\"lazy\" decoding=\"async\" width=\"1024\" height=\"682\" src=\"https:\/\/www.nextmultimedio.com\/wp-content\/uploads\/2025\/04\/491377158_1108556417971078_5408752885001877333_n-1024x682.jpg\" alt=\"\" class=\"wp-image-10359\" srcset=\"https:\/\/www.nextmultimedio.com\/wp-content\/uploads\/2025\/04\/491377158_1108556417971078_5408752885001877333_n-1024x682.jpg 1024w, https:\/\/www.nextmultimedio.com\/wp-content\/uploads\/2025\/04\/491377158_1108556417971078_5408752885001877333_n-300x200.jpg 300w, https:\/\/www.nextmultimedio.com\/wp-content\/uploads\/2025\/04\/491377158_1108556417971078_5408752885001877333_n-768x512.jpg 768w, https:\/\/www.nextmultimedio.com\/wp-content\/uploads\/2025\/04\/491377158_1108556417971078_5408752885001877333_n.jpg 1280w\" sizes=\"auto, (max-width: 1024px) 100vw, 1024px\" \/><\/figure>\n\n\n\n<p>El Municipio informa el funcionamiento de los servicios p\u00fablicos para el d\u00eda 1\u00b0 de mayo con motivo del D\u00eda del Trabajador y el 2 de mayo que fue declarado d\u00eda no laborable por el Gobierno Nacional.<\/p>\n\n\n\n<p><a href=\"https:\/\/www.facebook.com\/photo\/?fbid=1246856477445526&amp;set=pcb.1246856494112191&amp;__cft__[0]=AZX9N3Amu0aXW4Axmku10Eg66cg34DILmDNcJQ0TjTPOJ0r2eZudM7p4_DAYhfC5QRU4-UcmmTYiqdIiy9LFVvCmnreSQ6y6ymz8eubhenVThDwE2bbcnSOnUl9r34W0FfK-fHM7oHgAbxcvd_mf4xqz0_p1QN-LgrmnlRGGC_z0Uf75Q11S66eZEsbCfKXgl3L8CWjEb_prW-zvgCoSOCF0&amp;__tn__=*b0H-R\"><\/a><\/p>\n\n\n\n<figure class=\"wp-block-image\"><a href=\"https:\/\/www.facebook.com\/photo\/?fbid=1246856477445526&amp;set=pcb.1246856494112191&amp;__cft__[0]=AZX9N3Amu0aXW4Axmku10Eg66cg34DILmDNcJQ0TjTPOJ0r2eZudM7p4_DAYhfC5QRU4-UcmmTYiqdIiy9LFVvCmnreSQ6y6ymz8eubhenVThDwE2bbcnSOnUl9r34W0FfK-fHM7oHgAbxcvd_mf4xqz0_p1QN-LgrmnlRGGC_z0Uf75Q11S66eZEsbCfKXgl3L8CWjEb_prW-zvgCoSOCF0&amp;__tn__=*b0H-R\"><img decoding=\"async\" src=\"https:\/\/scontent.fcor10-3.fna.fbcdn.net\/v\/t51.75761-15\/491454258_18297166798243999_8740151586439864097_n.webp?stp=dst-jpg_s600x600_tt6&amp;_nc_cat=107&amp;ccb=1-7&amp;_nc_sid=127cfc&amp;_nc_eui2=AeFfnkKUsK8S6PYzuuoNS4iHhITjROnpP7mEhONE6ek_uam1bBPlAc8_4VtMZV-E3wk&amp;_nc_ohc=sC1EGeb02OUQ7kNvwGth_3G&amp;_nc_oc=AdnBGZB8SyO1X0VfuV9Z-7_EUO5wG38vnLaBUmAbsPlpmqmorhJOPEu5M01tpYIGfHk&amp;_nc_zt=23&amp;_nc_ht=scontent.fcor10-3.fna&amp;_nc_gid=ua1YGTg5YT_uNw-c-mI0WQ&amp;oh=00_AfFBHpGUlXlqkAM_cva39etiBTg20vy9xt1FwzDa3IIXjw&amp;oe=6818784A\" alt=\"\"\/><\/a><\/figure>\n\n\n\n<p><a href=\"https:\/\/www.facebook.com\/photo\/?fbid=1246856480778859&amp;set=pcb.1246856494112191&amp;__cft__[0]=AZX9N3Amu0aXW4Axmku10Eg66cg34DILmDNcJQ0TjTPOJ0r2eZudM7p4_DAYhfC5QRU4-UcmmTYiqdIiy9LFVvCmnreSQ6y6ymz8eubhenVThDwE2bbcnSOnUl9r34W0FfK-fHM7oHgAbxcvd_mf4xqz0_p1QN-LgrmnlRGGC_z0Uf75Q11S66eZEsbCfKXgl3L8CWjEb_prW-zvgCoSOCF0&amp;__tn__=*b1H-R\"><\/a><\/p>\n\n\n\n<figure class=\"wp-block-image\"><a href=\"https:\/\/www.facebook.com\/photo\/?fbid=1246856480778859&amp;set=pcb.1246856494112191&amp;__cft__[0]=AZX9N3Amu0aXW4Axmku10Eg66cg34DILmDNcJQ0TjTPOJ0r2eZudM7p4_DAYhfC5QRU4-UcmmTYiqdIiy9LFVvCmnreSQ6y6ymz8eubhenVThDwE2bbcnSOnUl9r34W0FfK-fHM7oHgAbxcvd_mf4xqz0_p1QN-LgrmnlRGGC_z0Uf75Q11S66eZEsbCfKXgl3L8CWjEb_prW-zvgCoSOCF0&amp;__tn__=*b1H-R\"><img decoding=\"async\" src=\"https:\/\/scontent.fcor10-3.fna.fbcdn.net\/v\/t51.75761-15\/491451225_18297166807243999_2295683544095508413_n.webp?stp=dst-jpg_s600x600_tt6&amp;_nc_cat=102&amp;ccb=1-7&amp;_nc_sid=127cfc&amp;_nc_eui2=AeGnYAwuEPn2OBplKfBvraWAJP4BnaiiBjQk_gGdqKIGNGRwO6WJ7eV8V4_Pa0TRwPk&amp;_nc_ohc=AGyNXMFNQeEQ7kNvwHLETVh&amp;_nc_oc=Adkyd6V7amN4QSzo3b0myIKPRtfH1wbmZE3glU6pDz09Mbjj_RvK27Kws_KxPMwgClc&amp;_nc_zt=23&amp;_nc_ht=scontent.fcor10-3.fna&amp;_nc_gid=ua1YGTg5YT_uNw-c-mI0WQ&amp;oh=00_AfGPJglag2x-eRuYc2cgiYEXkSNC39UA4VZvyIFkMnBuqg&amp;oe=6818575B\" alt=\"\"\/><\/a><\/figure>\n","protected":false},"excerpt":{"rendered":"<p>El Municipio informa el funcionamiento de los servicios p\u00fablicos para el d\u00eda 1\u00b0 de mayo con motivo del D\u00eda del Trabajador y el 2 de mayo que fue declarado d\u00eda no laborable por el Gobierno Nacional.<\/p>\n","protected":false},"author":1,"featured_media":10359,"comment_status":"closed","ping_status":"closed","sticky":false,"template":"","format":"standard","meta":{"footnotes":""},"categories":[69],"tags":[345],"class_list":["post-10358","post","type-post","status-publish","format-standard","has-post-thumbnail","hentry","category-noticias","tag-destacar"],"_links":{"self":[{"href":"https:\/\/www.nextmultimedio.com\/index.php?rest_route=\/wp\/v2\/posts\/10358","targetHints":{"allow":["GET"]}}],"collection":[{"href":"https:\/\/www.nextmultimedio.com\/index.php?rest_route=\/wp\/v2\/posts"}],"about":[{"href":"https:\/\/www.nextmultimedio.com\/index.php?rest_route=\/wp\/v2\/types\/post"}],"author":[{"embeddable":true,"href":"https:\/\/www.nextmultimedio.com\/index.php?rest_route=\/wp\/v2\/users\/1"}],"replies":[{"embeddable":true,"href":"https:\/\/www.nextmultimedio.com\/index.php?rest_route=%2Fwp%2Fv2%2Fcomments&post=10358"}],"version-history":[{"count":2,"href":"https:\/\/www.nextmultimedio.com\/index.php?rest_route=\/wp\/v2\/posts\/10358\/revisions"}],"predecessor-version":[{"id":10367,"href":"https:\/\/www.nextmultimedio.com\/index.php?rest_route=\/wp\/v2\/posts\/10358\/revisions\/10367"}],"wp:featuredmedia":[{"embeddable":true,"href":"https:\/\/www.nextmultimedio.com\/index.php?rest_route=\/wp\/v2\/media\/10359"}],"wp:attachment":[{"href":"https:\/\/www.nextmultimedio.com\/index.php?rest_route=%2Fwp%2Fv2%2Fmedia&parent=10358"}],"wp:term":[{"taxonomy":"category","embeddable":true,"href":"https:\/\/www.nextmultimedio.com\/index.php?rest_route=%2Fwp%2Fv2%2Fcategories&post=10358"},{"taxonomy":"post_tag","embeddable":true,"href":"https:\/\/www.nextmultimedio.com\/index.php?rest_route=%2Fwp%2Fv2%2Ftags&post=10358"}],"curies":[{"name":"wp","href":"https:\/\/api.w.org\/{rel}","templated":true}]}}