{"id":10279,"date":"2025-04-21T20:49:31","date_gmt":"2025-04-21T23:49:31","guid":{"rendered":"https:\/\/www.nextmultimedio.com\/?p=10279"},"modified":"2025-04-21T20:49:32","modified_gmt":"2025-04-21T23:49:32","slug":"el-paso-del-papa-francisco-por-carlos-paz","status":"publish","type":"post","link":"https:\/\/www.nextmultimedio.com\/?p=10279","title":{"rendered":"EL PASO DEL PAPA FRANCISCO POR CARLOS PAZ"},"content":{"rendered":"\n<figure class=\"wp-block-image size-full\"><img loading=\"lazy\" decoding=\"async\" width=\"811\" height=\"540\" src=\"https:\/\/www.nextmultimedio.com\/wp-content\/uploads\/2025\/04\/491406049_10237570113174568_2943492435179114779_n.jpg\" alt=\"\" class=\"wp-image-10280\" srcset=\"https:\/\/www.nextmultimedio.com\/wp-content\/uploads\/2025\/04\/491406049_10237570113174568_2943492435179114779_n.jpg 811w, https:\/\/www.nextmultimedio.com\/wp-content\/uploads\/2025\/04\/491406049_10237570113174568_2943492435179114779_n-300x200.jpg 300w, https:\/\/www.nextmultimedio.com\/wp-content\/uploads\/2025\/04\/491406049_10237570113174568_2943492435179114779_n-768x511.jpg 768w\" sizes=\"auto, (max-width: 811px) 100vw, 811px\" \/><\/figure>\n\n\n\n<p>El Papa realiz\u00f3 parte de sus descansos de seminario en Villa Carlos Paz. y comparti\u00f3 su testimonio autobiogr\u00e1fico en el libro publicado en enero del 2025. Se titula ESPERANZA.<\/p>\n\n\n\n<p>\u201cTodos los jueves, y durante semanas enteras en verano, \u00edbamos a la Quinta del Ni\u00f1o Dios , la finca agr\u00edcola de la Compa\u00f1\u00eda en Carlos Paz. El cami\u00f3n tocaba la bocina, salt\u00e1bamos a la caja y de ah\u00ed a la granja. Recolect\u00e1bamos fruta, plant\u00e1bamos \u00e1rboles, part\u00edamos <a><\/a>piedras, durante horas: las varas de entonces son hoy grandes acacias, espinillos, cha\u00f1ares, eucaliptos, pinos\u2026,<\/p>\n\n\n\n<p>un bosque que se ha convertido en reserva municipal.<\/p>\n\n\n\n<p>En verano d\u00e1bamos largas caminatas hasta el Dique de San Roque, hac\u00edamos excursiones a la<\/p>\n\n\n\n<p>sierras, y nos ba\u00f1\u00e1bamos en el r\u00edo\u2026\u201d<\/p>\n\n\n\n<p>Nota completa en youtube<\/p>\n\n\n\n<figure class=\"wp-block-embed is-type-video is-provider-youtube wp-block-embed-youtube wp-embed-aspect-16-9 wp-has-aspect-ratio\"><div class=\"wp-block-embed__wrapper\">\n<iframe loading=\"lazy\" title=\"EL PASO DEL PAPA FRANCISCO POR CARLOS PAZ\" width=\"620\" height=\"349\" src=\"https:\/\/www.youtube.com\/embed\/7zO7ennX9hQ?feature=oembed\" frameborder=\"0\" allow=\"accelerometer; autoplay; clipboard-write; encrypted-media; gyroscope; picture-in-picture; web-share\" referrerpolicy=\"strict-origin-when-cross-origin\" allowfullscreen><\/iframe>\n<\/div><\/figure>\n","protected":false},"excerpt":{"rendered":"<p>El Papa realiz\u00f3 parte de sus descansos de seminario en Villa Carlos Paz. y comparti\u00f3 su testimonio autobiogr\u00e1fico en el libro publicado en enero del 2025. Se titula ESPERANZA. \u201cTodos los jueves, y durante semanas enteras en verano, \u00edbamos a la Quinta del Ni\u00f1o Dios , la finca agr\u00edcola de la Compa\u00f1\u00eda en Carlos Paz. [&hellip;]<\/p>\n","protected":false},"author":1,"featured_media":10280,"comment_status":"closed","ping_status":"closed","sticky":false,"template":"","format":"standard","meta":{"footnotes":""},"categories":[69],"tags":[345],"class_list":["post-10279","post","type-post","status-publish","format-standard","has-post-thumbnail","hentry","category-noticias","tag-destacar"],"_links":{"self":[{"href":"https:\/\/www.nextmultimedio.com\/index.php?rest_route=\/wp\/v2\/posts\/10279","targetHints":{"allow":["GET"]}}],"collection":[{"href":"https:\/\/www.nextmultimedio.com\/index.php?rest_route=\/wp\/v2\/posts"}],"about":[{"href":"https:\/\/www.nextmultimedio.com\/index.php?rest_route=\/wp\/v2\/types\/post"}],"author":[{"embeddable":true,"href":"https:\/\/www.nextmultimedio.com\/index.php?rest_route=\/wp\/v2\/users\/1"}],"replies":[{"embeddable":true,"href":"https:\/\/www.nextmultimedio.com\/index.php?rest_route=%2Fwp%2Fv2%2Fcomments&post=10279"}],"version-history":[{"count":1,"href":"https:\/\/www.nextmultimedio.com\/index.php?rest_route=\/wp\/v2\/posts\/10279\/revisions"}],"predecessor-version":[{"id":10281,"href":"https:\/\/www.nextmultimedio.com\/index.php?rest_route=\/wp\/v2\/posts\/10279\/revisions\/10281"}],"wp:featuredmedia":[{"embeddable":true,"href":"https:\/\/www.nextmultimedio.com\/index.php?rest_route=\/wp\/v2\/media\/10280"}],"wp:attachment":[{"href":"https:\/\/www.nextmultimedio.com\/index.php?rest_route=%2Fwp%2Fv2%2Fmedia&parent=10279"}],"wp:term":[{"taxonomy":"category","embeddable":true,"href":"https:\/\/www.nextmultimedio.com\/index.php?rest_route=%2Fwp%2Fv2%2Fcategories&post=10279"},{"taxonomy":"post_tag","embeddable":true,"href":"https:\/\/www.nextmultimedio.com\/index.php?rest_route=%2Fwp%2Fv2%2Ftags&post=10279"}],"curies":[{"name":"wp","href":"https:\/\/api.w.org\/{rel}","templated":true}]}}