{"id":10276,"date":"2025-04-21T20:40:15","date_gmt":"2025-04-21T23:40:15","guid":{"rendered":"https:\/\/www.nextmultimedio.com\/?p=10276"},"modified":"2025-04-21T20:40:15","modified_gmt":"2025-04-21T23:40:15","slug":"un-momento-historico-para-san-antonio-de-arredondo","status":"publish","type":"post","link":"https:\/\/www.nextmultimedio.com\/?p=10276","title":{"rendered":"UN MOMENTO HIST\u00d3RICO PARA SAN ANTONIO DE ARREDONDO"},"content":{"rendered":"\n<figure class=\"wp-block-image size-large\"><img loading=\"lazy\" decoding=\"async\" width=\"1024\" height=\"819\" src=\"https:\/\/www.nextmultimedio.com\/wp-content\/uploads\/2025\/04\/490225652_18296206141243999_2476920121931434591_n-1024x819.jpg\" alt=\"\" class=\"wp-image-10277\" srcset=\"https:\/\/www.nextmultimedio.com\/wp-content\/uploads\/2025\/04\/490225652_18296206141243999_2476920121931434591_n-1024x819.jpg 1024w, https:\/\/www.nextmultimedio.com\/wp-content\/uploads\/2025\/04\/490225652_18296206141243999_2476920121931434591_n-300x240.jpg 300w, https:\/\/www.nextmultimedio.com\/wp-content\/uploads\/2025\/04\/490225652_18296206141243999_2476920121931434591_n-768x614.jpg 768w, https:\/\/www.nextmultimedio.com\/wp-content\/uploads\/2025\/04\/490225652_18296206141243999_2476920121931434591_n.jpg 1440w\" sizes=\"auto, (max-width: 1024px) 100vw, 1024px\" \/><\/figure>\n\n\n\n<p>En septiembre de 2012, Jorge Bergoglio , hoy el Papa Francisco, visit\u00f3 la localidad vecina de San Antonio en el marco del 38\u00ba Encuentro Nacional de Santuarios, realizado en la Residencia Franciscana.<\/p>\n\n\n\n<p>Durante tres d\u00edas, comparti\u00f3 con la comunidad momentos de oraci\u00f3n, reflexi\u00f3n y cercan\u00eda. Su humildad y sencillez dejaron una huella imborrable en quienes vivieron aquel encuentro.<\/p>\n\n\n\n<p>A\u00f1os <a><\/a>despu\u00e9s, ese mismo hombre ser\u00eda elegido como el primer Papa argentino, llevando su mensaje de paz y fraternidad al mundo entero.<\/p>\n\n\n\n<p>&#8220;El verdadero poder es el servicio. Hay que cuidar a las personas con amor.&#8221;<\/p>\n\n\n\n<p>informacion e im\u00e1genes:@carlospazvivo y Municipalidad de San Antonio de Arredondo<\/p>\n\n\n\n<p><a href=\"https:\/\/www.facebook.com\/photo\/?fbid=1238215958309578&amp;set=pcb.1238215981642909&amp;__cft__[0]=AZXkOsdBJNvqEz81FJlRJnwhe6LHKyg7_HrBbkq2EgzJyjY3csurr60IdjIje-Wmm1qT0itlzFEXwhyuATamhI-icnEOnamKOMIxqTbBDBjjxaEMoNUwkJ4fJ9gmTcwklqPkY_XAxqZwCNqcLla7P4rt7RgLaRh_NhaUpJWwv7NcU4-SmDwEbgmQGsGZfq_uRQ6FbSHz4_Cjgr1qIG7AGeaV&amp;__tn__=*b0H-R\"><\/a><\/p>\n\n\n\n<figure class=\"wp-block-image\"><a href=\"https:\/\/www.facebook.com\/photo\/?fbid=1238215958309578&amp;set=pcb.1238215981642909&amp;__cft__[0]=AZXkOsdBJNvqEz81FJlRJnwhe6LHKyg7_HrBbkq2EgzJyjY3csurr60IdjIje-Wmm1qT0itlzFEXwhyuATamhI-icnEOnamKOMIxqTbBDBjjxaEMoNUwkJ4fJ9gmTcwklqPkY_XAxqZwCNqcLla7P4rt7RgLaRh_NhaUpJWwv7NcU4-SmDwEbgmQGsGZfq_uRQ6FbSHz4_Cjgr1qIG7AGeaV&amp;__tn__=*b0H-R\"><img decoding=\"async\" src=\"https:\/\/scontent.fcor10-3.fna.fbcdn.net\/v\/t51.75761-15\/490225652_18296206141243999_2476920121931434591_n.jpg?stp=dst-jpg_s600x600_tt6&amp;_nc_cat=100&amp;ccb=1-7&amp;_nc_sid=127cfc&amp;_nc_eui2=AeGxbpFmzxMOXyWYuLQbT0syjlILgPeIQSuOUguA94hBK8Jumb1F6HsyRVSlnbRtf6A&amp;_nc_ohc=cAPakbuhtu4Q7kNvwGVTEfd&amp;_nc_oc=Adlubcq--VF_ANdObMWttSfXSU7qjIvuyg9dXaZzaxXCUbx37W0g--HzLY3lCPkZS_Q&amp;_nc_zt=23&amp;_nc_ht=scontent.fcor10-3.fna&amp;_nc_gid=XbJOHxLxF-OdFSJCYL_AoA&amp;oh=00_AfE4_Ck2cKMALDCIz7V11riokGHs6_gtbe3QwnLNoON0eg&amp;oe=680CB890\" alt=\"\"\/><\/a><\/figure>\n\n\n\n<p><a href=\"https:\/\/www.facebook.com\/photo\/?fbid=1238215964976244&amp;set=pcb.1238215981642909&amp;__cft__[0]=AZXkOsdBJNvqEz81FJlRJnwhe6LHKyg7_HrBbkq2EgzJyjY3csurr60IdjIje-Wmm1qT0itlzFEXwhyuATamhI-icnEOnamKOMIxqTbBDBjjxaEMoNUwkJ4fJ9gmTcwklqPkY_XAxqZwCNqcLla7P4rt7RgLaRh_NhaUpJWwv7NcU4-SmDwEbgmQGsGZfq_uRQ6FbSHz4_Cjgr1qIG7AGeaV&amp;__tn__=*b1H-R\"><\/a><\/p>\n\n\n\n<figure class=\"wp-block-image\"><a href=\"https:\/\/www.facebook.com\/photo\/?fbid=1238215964976244&amp;set=pcb.1238215981642909&amp;__cft__[0]=AZXkOsdBJNvqEz81FJlRJnwhe6LHKyg7_HrBbkq2EgzJyjY3csurr60IdjIje-Wmm1qT0itlzFEXwhyuATamhI-icnEOnamKOMIxqTbBDBjjxaEMoNUwkJ4fJ9gmTcwklqPkY_XAxqZwCNqcLla7P4rt7RgLaRh_NhaUpJWwv7NcU4-SmDwEbgmQGsGZfq_uRQ6FbSHz4_Cjgr1qIG7AGeaV&amp;__tn__=*b1H-R\"><img decoding=\"async\" src=\"https:\/\/scontent.fcor10-3.fna.fbcdn.net\/v\/t51.75761-15\/491403249_18296206150243999_7302392164401158743_n.jpg?stp=dst-jpg_s600x600_tt6&amp;_nc_cat=108&amp;ccb=1-7&amp;_nc_sid=127cfc&amp;_nc_eui2=AeF39WewiOMB8OnSSKYD2vpIWO8EU-I8dLNY7wRT4jx0s7K9_orTBT0fepA6RXx5dBw&amp;_nc_ohc=tYitSrwPQD8Q7kNvwHBjw_M&amp;_nc_oc=AdmclzksvjToKoXsjFlHz1VtRd-kQsQgjOKB3ye7kG1tzn4-V8yegXc3WwP2Abx-9Hk&amp;_nc_zt=23&amp;_nc_ht=scontent.fcor10-3.fna&amp;_nc_gid=XbJOHxLxF-OdFSJCYL_AoA&amp;oh=00_AfE77QLoUxsfZbe7eeNnC6t4uBx3RyChmHaRvGp2wjoqPQ&amp;oe=680CBB66\" alt=\"\"\/><\/a><\/figure>\n\n\n\n<p><a href=\"https:\/\/www.facebook.com\/photo\/?fbid=1238215961642911&amp;set=pcb.1238215981642909&amp;__cft__[0]=AZXkOsdBJNvqEz81FJlRJnwhe6LHKyg7_HrBbkq2EgzJyjY3csurr60IdjIje-Wmm1qT0itlzFEXwhyuATamhI-icnEOnamKOMIxqTbBDBjjxaEMoNUwkJ4fJ9gmTcwklqPkY_XAxqZwCNqcLla7P4rt7RgLaRh_NhaUpJWwv7NcU4-SmDwEbgmQGsGZfq_uRQ6FbSHz4_Cjgr1qIG7AGeaV&amp;__tn__=*b2H-R\"><\/a><\/p>\n\n\n\n<figure class=\"wp-block-image\"><a href=\"https:\/\/www.facebook.com\/photo\/?fbid=1238215961642911&amp;set=pcb.1238215981642909&amp;__cft__[0]=AZXkOsdBJNvqEz81FJlRJnwhe6LHKyg7_HrBbkq2EgzJyjY3csurr60IdjIje-Wmm1qT0itlzFEXwhyuATamhI-icnEOnamKOMIxqTbBDBjjxaEMoNUwkJ4fJ9gmTcwklqPkY_XAxqZwCNqcLla7P4rt7RgLaRh_NhaUpJWwv7NcU4-SmDwEbgmQGsGZfq_uRQ6FbSHz4_Cjgr1qIG7AGeaV&amp;__tn__=*b2H-R\"><img decoding=\"async\" src=\"https:\/\/scontent.fcor10-3.fna.fbcdn.net\/v\/t51.75761-15\/491440543_18296206159243999_8136147467341307153_n.jpg?stp=dst-jpg_s600x600_tt6&amp;_nc_cat=104&amp;ccb=1-7&amp;_nc_sid=127cfc&amp;_nc_eui2=AeGVdhdf5kPDlbuoVAZ_62BMQ7_G1VbMnaRDv8bVVsydpAsxiJPZU6rb3M-W-Q5HLE8&amp;_nc_ohc=ZM4PwS967dgQ7kNvwGLsbtX&amp;_nc_oc=Adl6AAYUVwcckcM8h_cjEJ-u1prwsRXrwYe-cwIooQdbEQW0Gpn6fHhrOJB-fLetAr8&amp;_nc_zt=23&amp;_nc_ht=scontent.fcor10-3.fna&amp;_nc_gid=XbJOHxLxF-OdFSJCYL_AoA&amp;oh=00_AfGefltuLvV0jS1p_gIGtooqTGN4kCtANjWaNiVSM6Ig6Q&amp;oe=680C9BF8\" alt=\"\"\/><\/a><\/figure>\n","protected":false},"excerpt":{"rendered":"<p>En septiembre de 2012, Jorge Bergoglio , hoy el Papa Francisco, visit\u00f3 la localidad vecina de San Antonio en el marco del 38\u00ba Encuentro Nacional de Santuarios, realizado en la Residencia Franciscana. Durante tres d\u00edas, comparti\u00f3 con la comunidad momentos de oraci\u00f3n, reflexi\u00f3n y cercan\u00eda. Su humildad y sencillez dejaron una huella imborrable en quienes [&hellip;]<\/p>\n","protected":false},"author":1,"featured_media":10277,"comment_status":"closed","ping_status":"closed","sticky":false,"template":"","format":"standard","meta":{"footnotes":""},"categories":[69],"tags":[345],"class_list":["post-10276","post","type-post","status-publish","format-standard","has-post-thumbnail","hentry","category-noticias","tag-destacar"],"_links":{"self":[{"href":"https:\/\/www.nextmultimedio.com\/index.php?rest_route=\/wp\/v2\/posts\/10276","targetHints":{"allow":["GET"]}}],"collection":[{"href":"https:\/\/www.nextmultimedio.com\/index.php?rest_route=\/wp\/v2\/posts"}],"about":[{"href":"https:\/\/www.nextmultimedio.com\/index.php?rest_route=\/wp\/v2\/types\/post"}],"author":[{"embeddable":true,"href":"https:\/\/www.nextmultimedio.com\/index.php?rest_route=\/wp\/v2\/users\/1"}],"replies":[{"embeddable":true,"href":"https:\/\/www.nextmultimedio.com\/index.php?rest_route=%2Fwp%2Fv2%2Fcomments&post=10276"}],"version-history":[{"count":1,"href":"https:\/\/www.nextmultimedio.com\/index.php?rest_route=\/wp\/v2\/posts\/10276\/revisions"}],"predecessor-version":[{"id":10278,"href":"https:\/\/www.nextmultimedio.com\/index.php?rest_route=\/wp\/v2\/posts\/10276\/revisions\/10278"}],"wp:featuredmedia":[{"embeddable":true,"href":"https:\/\/www.nextmultimedio.com\/index.php?rest_route=\/wp\/v2\/media\/10277"}],"wp:attachment":[{"href":"https:\/\/www.nextmultimedio.com\/index.php?rest_route=%2Fwp%2Fv2%2Fmedia&parent=10276"}],"wp:term":[{"taxonomy":"category","embeddable":true,"href":"https:\/\/www.nextmultimedio.com\/index.php?rest_route=%2Fwp%2Fv2%2Fcategories&post=10276"},{"taxonomy":"post_tag","embeddable":true,"href":"https:\/\/www.nextmultimedio.com\/index.php?rest_route=%2Fwp%2Fv2%2Ftags&post=10276"}],"curies":[{"name":"wp","href":"https:\/\/api.w.org\/{rel}","templated":true}]}}