{"id":10258,"date":"2025-04-20T19:22:17","date_gmt":"2025-04-20T22:22:17","guid":{"rendered":"https:\/\/www.nextmultimedio.com\/?p=10258"},"modified":"2025-04-20T19:22:18","modified_gmt":"2025-04-20T22:22:18","slug":"semana-santa-en-carlos-paz-85-de-ocupacion-segun-la-secretaria-de-turismo","status":"publish","type":"post","link":"https:\/\/www.nextmultimedio.com\/?p=10258","title":{"rendered":"SEMANA SANTA EN CARLOS PAZ: 85% DE OCUPACI\u00d3N SEG\u00daN LA SECRETARIA DE TURISMO"},"content":{"rendered":"\n<figure class=\"wp-block-image size-large\"><img loading=\"lazy\" decoding=\"async\" width=\"1024\" height=\"1024\" src=\"https:\/\/www.nextmultimedio.com\/wp-content\/uploads\/2025\/04\/491452990_18296127184243999_6861629742040968614_n-1-1024x1024.jpg\" alt=\"\" class=\"wp-image-10259\" srcset=\"https:\/\/www.nextmultimedio.com\/wp-content\/uploads\/2025\/04\/491452990_18296127184243999_6861629742040968614_n-1-1024x1024.jpg 1024w, https:\/\/www.nextmultimedio.com\/wp-content\/uploads\/2025\/04\/491452990_18296127184243999_6861629742040968614_n-1-300x300.jpg 300w, https:\/\/www.nextmultimedio.com\/wp-content\/uploads\/2025\/04\/491452990_18296127184243999_6861629742040968614_n-1-768x769.jpg 768w, https:\/\/www.nextmultimedio.com\/wp-content\/uploads\/2025\/04\/491452990_18296127184243999_6861629742040968614_n-1.jpg 1438w\" sizes=\"auto, (max-width: 1024px) 100vw, 1024px\" \/><\/figure>\n\n\n\n<p>Durante este fin de semana largo de Semana Santa, Villa Carlos Paz volvi\u00f3 a posicionarse como uno de los destinos tur\u00edsticos m\u00e1s elegidos del pa\u00eds, con un importante movimiento en la ciudad y una hoteler\u00eda jerarquizada que super\u00f3 el 95% en promedio y alcanz\u00f3 el 85% en el resto de las categor\u00edas seg\u00fan datos establecidos por la Secretar\u00eda de Turismo.<\/p>\n\n\n\n<p>Desde el jueves, vecinos y turistas disfrutaron de <a><\/a>m\u00faltiples propuestas culturales, religiosas y recreativas que dieron marco a una Semana Santa cargada de tradici\u00f3n y encuentro.<\/p>\n\n\n\n<p>El circuito religioso que parti\u00f3 desde Parque Estancia La Quinta y recorri\u00f3 la Virgen Blanca y la Cruz de Palo convoc\u00f3 a numerosos fieles, al igual que la procesi\u00f3n por las calles c\u00e9ntricas, que parti\u00f3 desde la Iglesia Nuestra Se\u00f1ora del Carmen.<\/p>\n\n\n\n<p>Tambi\u00e9n se vivieron momentos de recogimiento con la celebraci\u00f3n y adoraci\u00f3n de la Pasi\u00f3n, el viernes por la tarde. Mientras que el Aula Ambiental fue escenario del ciclo de astroturismo.<\/p>\n\n\n\n<p><a href=\"https:\/\/www.facebook.com\/photo\/?fbid=1237567818374392&amp;set=pcb.1237567848374389&amp;__cft__[0]=AZVo0WzVVdee1Ismi1dHSOgMRSsNFcTmNMm0C1ZekwnXyeW2YAZb4YlmOoUEFsQ62tBEx_O2TrRWFE-A0XPaNlQl7Xt4kuhIb4N2Vuq4K0flZjiBbYqCVfxM32JB9EaqVn959al8p1i_UUvAoxojiiSHxqsf9njBtHT4BvJgEhX4bqHqco8Kf6ADIoF8ozTxTaHpjXIs2rMwwzVZHFEIR9Iz&amp;__tn__=*b0H-R\"><\/a><\/p>\n\n\n\n<figure class=\"wp-block-image\"><a href=\"https:\/\/www.facebook.com\/photo\/?fbid=1237567818374392&amp;set=pcb.1237567848374389&amp;__cft__[0]=AZVo0WzVVdee1Ismi1dHSOgMRSsNFcTmNMm0C1ZekwnXyeW2YAZb4YlmOoUEFsQ62tBEx_O2TrRWFE-A0XPaNlQl7Xt4kuhIb4N2Vuq4K0flZjiBbYqCVfxM32JB9EaqVn959al8p1i_UUvAoxojiiSHxqsf9njBtHT4BvJgEhX4bqHqco8Kf6ADIoF8ozTxTaHpjXIs2rMwwzVZHFEIR9Iz&amp;__tn__=*b0H-R\"><img decoding=\"async\" src=\"https:\/\/scontent.fcor10-3.fna.fbcdn.net\/v\/t51.75761-15\/491452990_18296127184243999_6861629742040968614_n.jpg?stp=dst-jpg_s600x600_tt6&amp;_nc_cat=102&amp;ccb=1-7&amp;_nc_sid=127cfc&amp;_nc_eui2=AeGOsOATUc_JOo2rk9YveubxeSjg-kZHQYp5KOD6RkdBilwdPqyuT52URqTVRst8TdU&amp;_nc_ohc=Hcba2XTGP18Q7kNvwGngTCx&amp;_nc_oc=AdlJrt3LQ5ehAa8F1N-orTCw3dCLa7y147vgYCbxJ1gSFFbU6hTYPBP4GWccQq0cE0g&amp;_nc_zt=23&amp;_nc_ht=scontent.fcor10-3.fna&amp;_nc_gid=GcPmMWQ_RyJqIkJPlasYMw&amp;oh=00_AfFYFTxAqkOS4AVo-EgKXLGMzZXF8_JgBQCrMhsLrIbtLw&amp;oe=680B5950\" alt=\"\"\/><\/a><\/figure>\n\n\n\n<p><a href=\"https:\/\/www.facebook.com\/photo\/?fbid=1237567825041058&amp;set=pcb.1237567848374389&amp;__cft__[0]=AZVo0WzVVdee1Ismi1dHSOgMRSsNFcTmNMm0C1ZekwnXyeW2YAZb4YlmOoUEFsQ62tBEx_O2TrRWFE-A0XPaNlQl7Xt4kuhIb4N2Vuq4K0flZjiBbYqCVfxM32JB9EaqVn959al8p1i_UUvAoxojiiSHxqsf9njBtHT4BvJgEhX4bqHqco8Kf6ADIoF8ozTxTaHpjXIs2rMwwzVZHFEIR9Iz&amp;__tn__=*b1H-R\"><\/a><\/p>\n\n\n\n<figure class=\"wp-block-image\"><a href=\"https:\/\/www.facebook.com\/photo\/?fbid=1237567825041058&amp;set=pcb.1237567848374389&amp;__cft__[0]=AZVo0WzVVdee1Ismi1dHSOgMRSsNFcTmNMm0C1ZekwnXyeW2YAZb4YlmOoUEFsQ62tBEx_O2TrRWFE-A0XPaNlQl7Xt4kuhIb4N2Vuq4K0flZjiBbYqCVfxM32JB9EaqVn959al8p1i_UUvAoxojiiSHxqsf9njBtHT4BvJgEhX4bqHqco8Kf6ADIoF8ozTxTaHpjXIs2rMwwzVZHFEIR9Iz&amp;__tn__=*b1H-R\"><img decoding=\"async\" src=\"https:\/\/scontent.fcor10-3.fna.fbcdn.net\/v\/t51.75761-15\/491442469_18296127193243999_7407376158894071444_n.jpg?stp=dst-jpg_s600x600_tt6&amp;_nc_cat=101&amp;ccb=1-7&amp;_nc_sid=127cfc&amp;_nc_eui2=AeH66jblLYRzkTlwbOV_e3qe3ZNfRouMdB3dk19Gi4x0HfEW3ChAQdtRhMgbRz2zZ_Y&amp;_nc_ohc=RV5VNssyY-UQ7kNvwHGsvWE&amp;_nc_oc=AdnJ2U3GoWcOfYt3yc4H355_1Z32dJX_qclr773557ZiA45gcHTOkaPKX6rXcNSTRC0&amp;_nc_zt=23&amp;_nc_ht=scontent.fcor10-3.fna&amp;_nc_gid=GcPmMWQ_RyJqIkJPlasYMw&amp;oh=00_AfEtA4xeUX7H1IFNFAZXCD7GbD9Nv3jHTPioKTmOszd8Qw&amp;oe=680B5419\" alt=\"\"\/><\/a><\/figure>\n\n\n\n<p><a href=\"https:\/\/www.facebook.com\/photo\/?fbid=1237567811707726&amp;set=pcb.1237567848374389&amp;__cft__[0]=AZVo0WzVVdee1Ismi1dHSOgMRSsNFcTmNMm0C1ZekwnXyeW2YAZb4YlmOoUEFsQ62tBEx_O2TrRWFE-A0XPaNlQl7Xt4kuhIb4N2Vuq4K0flZjiBbYqCVfxM32JB9EaqVn959al8p1i_UUvAoxojiiSHxqsf9njBtHT4BvJgEhX4bqHqco8Kf6ADIoF8ozTxTaHpjXIs2rMwwzVZHFEIR9Iz&amp;__tn__=*b2H-R\"><\/a><\/p>\n\n\n\n<figure class=\"wp-block-image\"><a href=\"https:\/\/www.facebook.com\/photo\/?fbid=1237567811707726&amp;set=pcb.1237567848374389&amp;__cft__[0]=AZVo0WzVVdee1Ismi1dHSOgMRSsNFcTmNMm0C1ZekwnXyeW2YAZb4YlmOoUEFsQ62tBEx_O2TrRWFE-A0XPaNlQl7Xt4kuhIb4N2Vuq4K0flZjiBbYqCVfxM32JB9EaqVn959al8p1i_UUvAoxojiiSHxqsf9njBtHT4BvJgEhX4bqHqco8Kf6ADIoF8ozTxTaHpjXIs2rMwwzVZHFEIR9Iz&amp;__tn__=*b2H-R\"><img decoding=\"async\" src=\"https:\/\/scontent.fcor10-3.fna.fbcdn.net\/v\/t51.75761-15\/490383596_18296127205243999_7301795124593913570_n.jpg?stp=dst-jpg_s600x600_tt6&amp;_nc_cat=100&amp;ccb=1-7&amp;_nc_sid=127cfc&amp;_nc_eui2=AeEeJMF6qROlscRYxTx1nWQ9CkeHexQGT5MKR4d7FAZPk3z7Rj15Hc226F00G9GIJtk&amp;_nc_ohc=0P71hlU3DZoQ7kNvwHcUvEY&amp;_nc_oc=Admf_JJCLSxqM6TZfoOROnyvpRpU6RkX9YG_lTQmcD11n1rQUpkIndaXwFlxoHEGoQ0&amp;_nc_zt=23&amp;_nc_ht=scontent.fcor10-3.fna&amp;_nc_gid=GcPmMWQ_RyJqIkJPlasYMw&amp;oh=00_AfHlAyW_Xta_twz6SV87-08wEOv7WcE0Qa6uXIOeRF16JA&amp;oe=680B51A9\" alt=\"\"\/><\/a><\/figure>\n\n\n\n<p><a href=\"https:\/\/www.facebook.com\/photo\/?fbid=1237567828374391&amp;set=pcb.1237567848374389&amp;__cft__[0]=AZVo0WzVVdee1Ismi1dHSOgMRSsNFcTmNMm0C1ZekwnXyeW2YAZb4YlmOoUEFsQ62tBEx_O2TrRWFE-A0XPaNlQl7Xt4kuhIb4N2Vuq4K0flZjiBbYqCVfxM32JB9EaqVn959al8p1i_UUvAoxojiiSHxqsf9njBtHT4BvJgEhX4bqHqco8Kf6ADIoF8ozTxTaHpjXIs2rMwwzVZHFEIR9Iz&amp;__tn__=*b3H-R\"><\/a><\/p>\n\n\n\n<figure class=\"wp-block-image\"><a href=\"https:\/\/www.facebook.com\/photo\/?fbid=1237567828374391&amp;set=pcb.1237567848374389&amp;__cft__[0]=AZVo0WzVVdee1Ismi1dHSOgMRSsNFcTmNMm0C1ZekwnXyeW2YAZb4YlmOoUEFsQ62tBEx_O2TrRWFE-A0XPaNlQl7Xt4kuhIb4N2Vuq4K0flZjiBbYqCVfxM32JB9EaqVn959al8p1i_UUvAoxojiiSHxqsf9njBtHT4BvJgEhX4bqHqco8Kf6ADIoF8ozTxTaHpjXIs2rMwwzVZHFEIR9Iz&amp;__tn__=*b3H-R\"><img decoding=\"async\" src=\"https:\/\/scontent.fcor10-3.fna.fbcdn.net\/v\/t51.75761-15\/491212304_18296127214243999_5744602494629721913_n.jpg?stp=dst-jpg_s600x600_tt6&amp;_nc_cat=101&amp;ccb=1-7&amp;_nc_sid=127cfc&amp;_nc_eui2=AeEva82Eu2ZncHiaLoMhFdxkoD3s4CjcR5-gPezgKNxHn177BmXGtSL4N8ZTFX1QhFA&amp;_nc_ohc=Rwe29fHCjMkQ7kNvwEpHgfo&amp;_nc_oc=Adn3oDOFkgMR_ubmWWSVFscN_nsH0OYaGYsfawJpGGp3jGJ6PzfYKjZn1pUVWIt57Jk&amp;_nc_zt=23&amp;_nc_ht=scontent.fcor10-3.fna&amp;_nc_gid=GcPmMWQ_RyJqIkJPlasYMw&amp;oh=00_AfEvLm7DChtt-zWzQEld6YV6GJeUMmNvAt6RiNHnPCMZeA&amp;oe=680B4603\" alt=\"\"\/><\/a><\/figure>\n\n\n\n<p><a href=\"https:\/\/www.facebook.com\/photo\/?fbid=1237567821707725&amp;set=pcb.1237567848374389&amp;__cft__[0]=AZVo0WzVVdee1Ismi1dHSOgMRSsNFcTmNMm0C1ZekwnXyeW2YAZb4YlmOoUEFsQ62tBEx_O2TrRWFE-A0XPaNlQl7Xt4kuhIb4N2Vuq4K0flZjiBbYqCVfxM32JB9EaqVn959al8p1i_UUvAoxojiiSHxqsf9njBtHT4BvJgEhX4bqHqco8Kf6ADIoF8ozTxTaHpjXIs2rMwwzVZHFEIR9Iz&amp;__tn__=*b4H-R\"><\/a><\/p>\n\n\n\n<figure class=\"wp-block-image\"><a href=\"https:\/\/www.facebook.com\/photo\/?fbid=1237567821707725&amp;set=pcb.1237567848374389&amp;__cft__[0]=AZVo0WzVVdee1Ismi1dHSOgMRSsNFcTmNMm0C1ZekwnXyeW2YAZb4YlmOoUEFsQ62tBEx_O2TrRWFE-A0XPaNlQl7Xt4kuhIb4N2Vuq4K0flZjiBbYqCVfxM32JB9EaqVn959al8p1i_UUvAoxojiiSHxqsf9njBtHT4BvJgEhX4bqHqco8Kf6ADIoF8ozTxTaHpjXIs2rMwwzVZHFEIR9Iz&amp;__tn__=*b4H-R\"><img decoding=\"async\" src=\"https:\/\/scontent.fcor10-3.fna.fbcdn.net\/v\/t51.75761-15\/491442630_18296127223243999_5648413744538935874_n.jpg?stp=dst-jpg_s600x600_tt6&amp;_nc_cat=109&amp;ccb=1-7&amp;_nc_sid=127cfc&amp;_nc_eui2=AeFfYgAt5y2A-L-t7M8eVm7KruPWIxUDYH-u49YjFQNgfyGHNFy8y2xUtvq1ke-dVEk&amp;_nc_ohc=V-NllsfGPFQQ7kNvwGHEpUm&amp;_nc_oc=AdmjgDHH6ZNqgoLpAjzqaNT_1C_5GaqEhSDemML5dvtglrVaW2iziAdqp7eXvY4eq3E&amp;_nc_zt=23&amp;_nc_ht=scontent.fcor10-3.fna&amp;_nc_gid=GcPmMWQ_RyJqIkJPlasYMw&amp;oh=00_AfGa1-kL-Fr_UWPJNMpNKeyl4Evx5bvgOXu8odf953TQgQ&amp;oe=680B3D60\" alt=\"\"\/><\/a><\/figure>\n\n\n\n<p><\/p>\n","protected":false},"excerpt":{"rendered":"<p>Durante este fin de semana largo de Semana Santa, Villa Carlos Paz volvi\u00f3 a posicionarse como uno de los destinos tur\u00edsticos m\u00e1s elegidos del pa\u00eds, con un importante movimiento en la ciudad y una hoteler\u00eda jerarquizada que super\u00f3 el 95% en promedio y alcanz\u00f3 el 85% en el resto de las categor\u00edas seg\u00fan datos establecidos [&hellip;]<\/p>\n","protected":false},"author":1,"featured_media":10259,"comment_status":"closed","ping_status":"closed","sticky":false,"template":"","format":"standard","meta":{"footnotes":""},"categories":[69],"tags":[345],"class_list":["post-10258","post","type-post","status-publish","format-standard","has-post-thumbnail","hentry","category-noticias","tag-destacar"],"_links":{"self":[{"href":"https:\/\/www.nextmultimedio.com\/index.php?rest_route=\/wp\/v2\/posts\/10258","targetHints":{"allow":["GET"]}}],"collection":[{"href":"https:\/\/www.nextmultimedio.com\/index.php?rest_route=\/wp\/v2\/posts"}],"about":[{"href":"https:\/\/www.nextmultimedio.com\/index.php?rest_route=\/wp\/v2\/types\/post"}],"author":[{"embeddable":true,"href":"https:\/\/www.nextmultimedio.com\/index.php?rest_route=\/wp\/v2\/users\/1"}],"replies":[{"embeddable":true,"href":"https:\/\/www.nextmultimedio.com\/index.php?rest_route=%2Fwp%2Fv2%2Fcomments&post=10258"}],"version-history":[{"count":1,"href":"https:\/\/www.nextmultimedio.com\/index.php?rest_route=\/wp\/v2\/posts\/10258\/revisions"}],"predecessor-version":[{"id":10260,"href":"https:\/\/www.nextmultimedio.com\/index.php?rest_route=\/wp\/v2\/posts\/10258\/revisions\/10260"}],"wp:featuredmedia":[{"embeddable":true,"href":"https:\/\/www.nextmultimedio.com\/index.php?rest_route=\/wp\/v2\/media\/10259"}],"wp:attachment":[{"href":"https:\/\/www.nextmultimedio.com\/index.php?rest_route=%2Fwp%2Fv2%2Fmedia&parent=10258"}],"wp:term":[{"taxonomy":"category","embeddable":true,"href":"https:\/\/www.nextmultimedio.com\/index.php?rest_route=%2Fwp%2Fv2%2Fcategories&post=10258"},{"taxonomy":"post_tag","embeddable":true,"href":"https:\/\/www.nextmultimedio.com\/index.php?rest_route=%2Fwp%2Fv2%2Ftags&post=10258"}],"curies":[{"name":"wp","href":"https:\/\/api.w.org\/{rel}","templated":true}]}}