{"id":10159,"date":"2025-04-10T19:24:26","date_gmt":"2025-04-10T22:24:26","guid":{"rendered":"https:\/\/www.nextmultimedio.com\/?p=10159"},"modified":"2025-04-10T19:24:27","modified_gmt":"2025-04-10T22:24:27","slug":"cordoba-emprendedora-potenciara-40-marcas-en-la-feria-de-las-artesanias","status":"publish","type":"post","link":"https:\/\/www.nextmultimedio.com\/?p=10159","title":{"rendered":"C\u00d3RDOBA EMPRENDEDORA POTENCIAR\u00c1 40 MARCAS EN LA FERIA DE LAS ARTESAN\u00cdAS"},"content":{"rendered":"\n<ul class=\"wp-block-list\">\n<li><strong>El programa abrir\u00e1 su espacio de visibilizaci\u00f3n exclusivo en el tradicional evento, que se desarrollar\u00e1 del 12 al 20 de abril, en el Complejo Ferial.<\/strong><\/li>\n\n\n\n<li><strong>La propuesta busca impulsar y apoyar el crecimiento de los emprendimientos.<\/strong><\/li>\n<\/ul>\n\n\n\n<figure class=\"wp-block-image size-full\"><img loading=\"lazy\" decoding=\"async\" width=\"990\" height=\"660\" src=\"https:\/\/www.nextmultimedio.com\/wp-content\/uploads\/2025\/04\/WhatsApp-Image-2025-04-10-at-18.01.38.jpeg\" alt=\"\" class=\"wp-image-10160\" srcset=\"https:\/\/www.nextmultimedio.com\/wp-content\/uploads\/2025\/04\/WhatsApp-Image-2025-04-10-at-18.01.38.jpeg 990w, https:\/\/www.nextmultimedio.com\/wp-content\/uploads\/2025\/04\/WhatsApp-Image-2025-04-10-at-18.01.38-300x200.jpeg 300w, https:\/\/www.nextmultimedio.com\/wp-content\/uploads\/2025\/04\/WhatsApp-Image-2025-04-10-at-18.01.38-768x512.jpeg 768w\" sizes=\"auto, (max-width: 990px) 100vw, 990px\" \/><\/figure>\n\n\n\n<p>Con el apoyo de C\u00f3rdoba Emprendedora, 40 marcas cordobesas estar\u00e1n presentes en la tradicional Feria de las Artesan\u00edas.<\/p>\n\n\n\n<p>Ser\u00e1 con un espacio de visibilizaci\u00f3n exclusivo, en donde los stands estar\u00e1n ubicados en el Pabell\u00f3n Violeta, y podr\u00e1n visitarse todos los d\u00edas, de 15 a 21.<\/p>\n\n\n\n<p>El proyecto, impulsado por el Ministerio de Desarrollo Social y Promoci\u00f3n de Empleo del Gobierno de C\u00f3rdoba, busca potenciar el crecimiento de los emprendedores. Con ese prop\u00f3sito, genera oportunidades a trav\u00e9s del apoyo financiero, el mentoreo, las capacitaciones y el acceso a espacios de visibilizaci\u00f3n en grandes vidrieras durante todo el a\u00f1o.<\/p>\n\n\n\n<figure class=\"wp-block-image\"><img decoding=\"async\" src=\"https:\/\/prensa.cba.gov.ar\/wp-content\/uploads\/2025\/04\/WhatsApp-Image-2025-04-10-at-18.01.39-1.jpeg\" alt=\"\" class=\"wp-image-617396\"\/><\/figure>\n\n\n\n<p>El programa estar\u00e1 por quinto a\u00f1o consecutivo en la feria, otorgando a los emprendimientos participantes la posibilidad de mostrar sus productos, lograr\u00e1n m\u00e1s alcance a nuevos p\u00fablicos y aumentar\u00e1n su facturaci\u00f3n en este paseo \u00fanico, que se desarrollar\u00e1 del 12 al 20 de abril, en el Complejo Ferial (Av. C\u00e1rcano S\/N B\u00b0 Chateau Carreras, C\u00f3rdoba Capital).<\/p>\n\n\n\n<p>Quienes recorran el espacio, del 12 al 16 de abril, se encontrar\u00e1n con el talento de Fundas JF, Crotta, Manos art\u00edsticas, MODO jugueter\u00eda artesanal, Artehome, Altamira, Casa Serena, El Cresp\u00edn, Victoria Creaciones, Alma Vegana, Alicia Bogni Arte, Commelina, By Me Cosas Lindas, Elinav, Tinte, Laura Margot Joyer\u00eda Artesanal, Metamorfosis Cer\u00e1mica, Gisela Anzolini Vitreaux, Fluorita Piedras y Llegu\u00e9 Beb\u00e9.<\/p>\n\n\n\n<p>A partir del 17 y hasta el 20 de abril, la propuesta se renovar\u00e1 por completo con la llegada de otros nuevos 20 expositores.<\/p>\n","protected":false},"excerpt":{"rendered":"<p>Con el apoyo de C\u00f3rdoba Emprendedora, 40 marcas cordobesas estar\u00e1n presentes en la tradicional Feria de las Artesan\u00edas. Ser\u00e1 con un espacio de visibilizaci\u00f3n exclusivo, en donde los stands estar\u00e1n ubicados en el Pabell\u00f3n Violeta, y podr\u00e1n visitarse todos los d\u00edas, de 15 a 21. El proyecto, impulsado por el Ministerio de Desarrollo Social y [&hellip;]<\/p>\n","protected":false},"author":1,"featured_media":10160,"comment_status":"closed","ping_status":"closed","sticky":false,"template":"","format":"standard","meta":{"footnotes":""},"categories":[69],"tags":[345],"class_list":["post-10159","post","type-post","status-publish","format-standard","has-post-thumbnail","hentry","category-noticias","tag-destacar"],"_links":{"self":[{"href":"https:\/\/www.nextmultimedio.com\/index.php?rest_route=\/wp\/v2\/posts\/10159","targetHints":{"allow":["GET"]}}],"collection":[{"href":"https:\/\/www.nextmultimedio.com\/index.php?rest_route=\/wp\/v2\/posts"}],"about":[{"href":"https:\/\/www.nextmultimedio.com\/index.php?rest_route=\/wp\/v2\/types\/post"}],"author":[{"embeddable":true,"href":"https:\/\/www.nextmultimedio.com\/index.php?rest_route=\/wp\/v2\/users\/1"}],"replies":[{"embeddable":true,"href":"https:\/\/www.nextmultimedio.com\/index.php?rest_route=%2Fwp%2Fv2%2Fcomments&post=10159"}],"version-history":[{"count":1,"href":"https:\/\/www.nextmultimedio.com\/index.php?rest_route=\/wp\/v2\/posts\/10159\/revisions"}],"predecessor-version":[{"id":10161,"href":"https:\/\/www.nextmultimedio.com\/index.php?rest_route=\/wp\/v2\/posts\/10159\/revisions\/10161"}],"wp:featuredmedia":[{"embeddable":true,"href":"https:\/\/www.nextmultimedio.com\/index.php?rest_route=\/wp\/v2\/media\/10160"}],"wp:attachment":[{"href":"https:\/\/www.nextmultimedio.com\/index.php?rest_route=%2Fwp%2Fv2%2Fmedia&parent=10159"}],"wp:term":[{"taxonomy":"category","embeddable":true,"href":"https:\/\/www.nextmultimedio.com\/index.php?rest_route=%2Fwp%2Fv2%2Fcategories&post=10159"},{"taxonomy":"post_tag","embeddable":true,"href":"https:\/\/www.nextmultimedio.com\/index.php?rest_route=%2Fwp%2Fv2%2Ftags&post=10159"}],"curies":[{"name":"wp","href":"https:\/\/api.w.org\/{rel}","templated":true}]}}