{"id":10148,"date":"2025-04-09T19:39:49","date_gmt":"2025-04-09T22:39:49","guid":{"rendered":"https:\/\/www.nextmultimedio.com\/?p=10148"},"modified":"2025-04-09T19:59:07","modified_gmt":"2025-04-09T22:59:07","slug":"belgrano-y-talleres-sancionados-por-cosedepro","status":"publish","type":"post","link":"https:\/\/www.nextmultimedio.com\/?p=10148","title":{"rendered":"BELGRANO Y TALLERES SANCIONADOS POR COSEDEPRO"},"content":{"rendered":"\n<figure class=\"wp-block-image size-full is-resized\"><img loading=\"lazy\" decoding=\"async\" width=\"275\" height=\"183\" src=\"https:\/\/www.nextmultimedio.com\/wp-content\/uploads\/2025\/04\/descarga-2.jpg\" alt=\"\" class=\"wp-image-10150\" style=\"width:600px;height:auto\"\/><\/figure>\n\n\n\n<p>Se informa que a partir de lo resuelto por la Mesa COSEDEPRO en el d\u00eda de la fecha, y con motivo de los incidentes ocurridos en ocasi\u00f3n del \u00faltimo cl\u00e1sico disputado en el Estado Julio Cesar Villagra, entre Club Atl\u00e9tico Belgrano y Club Atl\u00e9tico Talleres el pasado 30 de marzo, desde el organismo provincial de Seguridad Deportiva se determinaron una serie de sanciones, basadas en el informe realizado por el jefe policial del <a><\/a>operativo de seguridad.<\/p>\n\n\n\n<p>En dicho informe, el jefe del operativo determina distintos hechos ocurridos tanto a partir de controles en el per\u00edmetro externo como as\u00ed tambi\u00e9n dentro de la cancha. Los incidentes descriptos por el informe policial van desde el secuestro de banderas con inscripciones ofensivas, incidentes en el ingreso de la delegaci\u00f3n de Talleres, el arrojo de objetos al campo de juego que adem\u00e1s retrasaron el comienzo del partido, hasta la agresi\u00f3n entre jugadores, y de un hincha contra un dirigente.<\/p>\n\n\n\n<p>De esta manera, COSEDEPRO resolvi\u00f3 aplicar una compensaci\u00f3n institucional de 30 millones de pesos contra ambos clubes, que ser\u00e1 destinada a instituciones que tengan como actividad principal la atenci\u00f3n, apoyo y educaci\u00f3n de personas con discapacidad.<\/p>\n\n\n\n<p>Adem\u00e1s, se solicit\u00f3 al Club Atl\u00e9tico Belgrano la identificaci\u00f3n fehaciente del agresor que el pasado 30 de marzo agredi\u00f3 a un dirigente deportivo dentro de la cancha, con un plazo de diez d\u00edas h\u00e1biles para responder, no descartandose nuevas sanciones. Para el agresor, se fij\u00f3 la aplicaci\u00f3n de derecho de admisi\u00f3n en el marco del programa Tribuna Segura, impidiendole al mismo ingresar a cualquier espact\u00e1culo deportivo realizado en el pa\u00eds, por un plazo de tres a\u00f1os.<\/p>\n\n\n\n<p>Finalmente, desde COSEDEPRO se solicit\u00f3 a las autoridades de ambos clubes deportivos la implementaci\u00f3n de programas y medidas institucionales que promuevan la prevenci\u00f3n y abordaje de pr\u00e1cticas anti &#8211; deportivas.<\/p>\n\n\n\n<p><a href=\"https:\/\/www.facebook.com\/photo\/?fbid=1227404449390729&amp;set=a.356501556481027&amp;__cft__[0]=AZVuKbl5pEaoUDcnHVOezgOymeG1djnr3CIOd00nd40NolHVS6Mw-X4COys_CgRROm3CXtnmHOz1urtkj2S1dnIjw9e9PW99Mg1TtbKJKlgsk2QcKJwMUQ4DHLeeNKzlAnAPmfIedDW9F3ECy95imw6KSrTLa6p9whCZB7Zdi-PjnkHFl3qE_HRmTHk7g1ehlFE&amp;__tn__=EH-R\"><\/a><\/p>\n\n\n\n<figure class=\"wp-block-image\"><a href=\"https:\/\/www.facebook.com\/photo\/?fbid=1227404449390729&amp;set=a.356501556481027&amp;__cft__[0]=AZVuKbl5pEaoUDcnHVOezgOymeG1djnr3CIOd00nd40NolHVS6Mw-X4COys_CgRROm3CXtnmHOz1urtkj2S1dnIjw9e9PW99Mg1TtbKJKlgsk2QcKJwMUQ4DHLeeNKzlAnAPmfIedDW9F3ECy95imw6KSrTLa6p9whCZB7Zdi-PjnkHFl3qE_HRmTHk7g1ehlFE&amp;__tn__=EH-R\"><img decoding=\"async\" src=\"https:\/\/scontent.fcor10-3.fna.fbcdn.net\/v\/t51.75761-15\/488930146_18294997090243999_1135425550086807340_n.webp?stp=dst-jpg_p526x296_tt6&amp;_nc_cat=105&amp;ccb=1-7&amp;_nc_sid=127cfc&amp;_nc_eui2=AeF8SV7fnd3VpVYLIWHmVnqqM61xaL7JRFszrXFovslEW1P8fP30TGO_DlXHTXMWZzI&amp;_nc_ohc=kYOqO3jpJggQ7kNvwF6XKmJ&amp;_nc_oc=AdmS9-8b0FGeC9ikpyoEz5sttlSrOwFqMW2K8iBniUSGRsoDid_4_xwxwUeaPVTWTOM&amp;_nc_zt=23&amp;_nc_ht=scontent.fcor10-3.fna&amp;_nc_gid=JhyBeOR1ephyMmU6RYgRAg&amp;oh=00_AfF9G-aFyO8tyJijz2kjwJ8djkpL7YbjZzw1tfH5escE3A&amp;oe=67FCCCB7\" alt=\"Puede ser una imagen de texto\"\/><\/a><\/figure>\n","protected":false},"excerpt":{"rendered":"<p>Se informa que a partir de lo resuelto por la Mesa COSEDEPRO en el d\u00eda de la fecha, y con motivo de los incidentes ocurridos en ocasi\u00f3n del \u00faltimo cl\u00e1sico disputado en el Estado Julio Cesar Villagra, entre Club Atl\u00e9tico Belgrano y Club Atl\u00e9tico Talleres el pasado 30 de marzo, desde el organismo provincial de [&hellip;]<\/p>\n","protected":false},"author":1,"featured_media":10150,"comment_status":"closed","ping_status":"closed","sticky":false,"template":"","format":"standard","meta":{"footnotes":""},"categories":[69],"tags":[345],"class_list":["post-10148","post","type-post","status-publish","format-standard","has-post-thumbnail","hentry","category-noticias","tag-destacar"],"_links":{"self":[{"href":"https:\/\/www.nextmultimedio.com\/index.php?rest_route=\/wp\/v2\/posts\/10148","targetHints":{"allow":["GET"]}}],"collection":[{"href":"https:\/\/www.nextmultimedio.com\/index.php?rest_route=\/wp\/v2\/posts"}],"about":[{"href":"https:\/\/www.nextmultimedio.com\/index.php?rest_route=\/wp\/v2\/types\/post"}],"author":[{"embeddable":true,"href":"https:\/\/www.nextmultimedio.com\/index.php?rest_route=\/wp\/v2\/users\/1"}],"replies":[{"embeddable":true,"href":"https:\/\/www.nextmultimedio.com\/index.php?rest_route=%2Fwp%2Fv2%2Fcomments&post=10148"}],"version-history":[{"count":1,"href":"https:\/\/www.nextmultimedio.com\/index.php?rest_route=\/wp\/v2\/posts\/10148\/revisions"}],"predecessor-version":[{"id":10151,"href":"https:\/\/www.nextmultimedio.com\/index.php?rest_route=\/wp\/v2\/posts\/10148\/revisions\/10151"}],"wp:featuredmedia":[{"embeddable":true,"href":"https:\/\/www.nextmultimedio.com\/index.php?rest_route=\/wp\/v2\/media\/10150"}],"wp:attachment":[{"href":"https:\/\/www.nextmultimedio.com\/index.php?rest_route=%2Fwp%2Fv2%2Fmedia&parent=10148"}],"wp:term":[{"taxonomy":"category","embeddable":true,"href":"https:\/\/www.nextmultimedio.com\/index.php?rest_route=%2Fwp%2Fv2%2Fcategories&post=10148"},{"taxonomy":"post_tag","embeddable":true,"href":"https:\/\/www.nextmultimedio.com\/index.php?rest_route=%2Fwp%2Fv2%2Ftags&post=10148"}],"curies":[{"name":"wp","href":"https:\/\/api.w.org\/{rel}","templated":true}]}}