{"id":10145,"date":"2025-04-08T18:44:56","date_gmt":"2025-04-08T21:44:56","guid":{"rendered":"https:\/\/www.nextmultimedio.com\/?p=10145"},"modified":"2025-04-08T18:44:56","modified_gmt":"2025-04-08T21:44:56","slug":"epec-sera-una-sociedad-anonima-unipersonal","status":"publish","type":"post","link":"https:\/\/www.nextmultimedio.com\/?p=10145","title":{"rendered":"EPEC SER\u00c1 UNA SOCIEDAD AN\u00d3NIMA UNIPERSONAL"},"content":{"rendered":"\n<ul class=\"wp-block-list\">\n<li><strong>El gobernador Mart\u00edn Llaryora firm\u00f3 el decreto que convierte a la empresa provincial en \u201cEmpresa Provincial de Energ\u00eda de C\u00f3rdoba S.A.U.\u201d<\/strong><\/li>\n\n\n\n<li><strong>El 100 por ciento de sus acciones pertenecen al Estado Provincial.<\/strong><\/li>\n\n\n\n<li><strong>A partir del cambio jur\u00eddico, EPEC tambi\u00e9n brindar\u00e1 servicios de internet, haci\u00e9ndose cargo de la prestaci\u00f3n que actualmente est\u00e1 en cabeza de la Agencia de Conectividad, que ser\u00e1 disuelta.<\/strong><\/li>\n<\/ul>\n\n\n\n<figure class=\"wp-block-image size-full\"><img loading=\"lazy\" decoding=\"async\" width=\"1024\" height=\"575\" src=\"https:\/\/www.nextmultimedio.com\/wp-content\/uploads\/2025\/04\/WhatsApp-Image-2025-04-08-at-15.25.13-1024x575-1.jpeg\" alt=\"\" class=\"wp-image-10146\" srcset=\"https:\/\/www.nextmultimedio.com\/wp-content\/uploads\/2025\/04\/WhatsApp-Image-2025-04-08-at-15.25.13-1024x575-1.jpeg 1024w, https:\/\/www.nextmultimedio.com\/wp-content\/uploads\/2025\/04\/WhatsApp-Image-2025-04-08-at-15.25.13-1024x575-1-300x168.jpeg 300w, https:\/\/www.nextmultimedio.com\/wp-content\/uploads\/2025\/04\/WhatsApp-Image-2025-04-08-at-15.25.13-1024x575-1-768x431.jpeg 768w\" sizes=\"auto, (max-width: 1024px) 100vw, 1024px\" \/><\/figure>\n\n\n\n<p>El gobernador Mart\u00edn Llaryora, acompa\u00f1ado por el ministro de Infraestructura y Servicios P\u00fablicos, Fabi\u00e1n L\u00f3pez, firm\u00f3 el decreto para transformar a la Empresa Provincial de Energ\u00eda de C\u00f3rdoba (EPEC) en una Sociedad An\u00f3nima Unipersonal, que tendr\u00e1 el 100 por ciento de sus acciones a nombre del Estado Provincial.<\/p>\n\n\n\n<p>De esta forma, la EPEC pasar\u00e1 a denominarse \u201cEmpresa Provincial de Energ\u00eda de C\u00f3rdoba S.A.U.\u201d, dando conformidad a lo establecido en el art\u00edculo 33 de la Ley Nacional N\u00b0 11.015.<\/p>\n\n\n\n<p>La nueva composici\u00f3n jur\u00eddica permitir\u00e1 acelerar el proceso de transformaci\u00f3n que lleva adelante la empresa, con m\u00faltiples beneficios entre los que se encuentran el acceso a financiamiento y la asociaci\u00f3n con otros actores del mercado para explorar nuevas oportunidades.<\/p>\n\n\n\n<p>\u201cEPEC es una de las empresas de energ\u00eda el\u00e9ctrica m\u00e1s importantes y relevantes de la Argentina. Que est\u00e1 saneada, auditada, con los balances presentados en tiempo y forma, sin deudas con el sistema de distribuci\u00f3n mayorista, y la \u00fanica empresa del pa\u00eds con sistema de medidores inteligentes\u201d, explic\u00f3 el ministro L\u00f3pez, quien describi\u00f3 que a partir de esta modificaci\u00f3n la empresa podr\u00e1 tener un rol protag\u00f3nico m\u00e1s all\u00e1 del sector el\u00e9ctrico, en \u00e1reas como tecnificaci\u00f3n del agro, energ\u00edas alternativas y renovables, entre otras.<\/p>\n\n\n\n<p>\u00abEsta decisi\u00f3n trascendental del gobernador Llaryora le permite a la empresa tener un nuevo y m\u00e1s robusto ropaje jur\u00eddico para asumir nuevos desaf\u00edos, con m\u00e1s unidades de negocio, acceso a financiamiento y asociaciones con otras compa\u00f1\u00edas\u201d, agreg\u00f3 L\u00f3pez.<\/p>\n\n\n\n<p>El ministro L\u00f3pez explic\u00f3 que la Empresa Provincial de Energ\u00eda de C\u00f3rdoba S.A.U tambi\u00e9n absorber\u00e1 las funciones de la Agencia Conectividad C\u00f3rdoba, prestando as\u00ed servicio de internet dentro de la provincia.<\/p>\n\n\n\n<p>El decreto que lleva la firma del gobernador establece que la Empresa Provincial de Energ\u00eda de C\u00f3rdoba S.A.U. ser\u00e1 continuadora de todos los derechos, obligaciones y prerrogativas establecidas en la Ley N\u00b0 9087, sus precedentes y dem\u00e1s normativa que le resulte aplicable, como as\u00ed tambi\u00e9n en aquellas inherentes a su condici\u00f3n de prestadora del servicio p\u00fablico de energ\u00eda el\u00e9ctrica, sirviendo la presente como t\u00edtulo habilitante suficiente para su ejercicio en el \u00e1mbito provincial.<\/p>\n\n\n\n<p>El ministro L\u00f3pez enfatiz\u00f3, una vez m\u00e1s, que esto no se trata de una privatizaci\u00f3n y que el v\u00ednculo con los trabajadores no se ver\u00e1 modificado.<\/p>\n\n\n\n<p>\u201cNo hay ninguna posibilidad de que este proceso que llevamos adelante implique una privatizaci\u00f3n de la empresa. Esta transformaci\u00f3n implica un nuevo ropaje jur\u00eddico en una sociedad an\u00f3nima unipersonal con un \u00fanico due\u00f1o que es el gobierno de C\u00f3rdoba que posee el cien por ciento de las acciones\u201d.<\/p>\n\n\n\n<p>\u201cQueremos que este proceso de transformaci\u00f3n signifique una mejora en los servicios de la empresa con m\u00e1s tecnolog\u00eda e innovaci\u00f3n, haci\u00e9ndola m\u00e1s eficiente, con la posibilidad de acceder a mercados de financiamiento que hoy est\u00e1n vedados por ser parte del mercado p\u00fablico no financiero. Adem\u00e1s, esta decisi\u00f3n del gobierno permite la asociaci\u00f3n directa de la empresa con los procesos productivos y as\u00ed avanzar en la prestaci\u00f3n de otros servicios, como el de internet\u201d, finaliz\u00f3.<\/p>\n","protected":false},"excerpt":{"rendered":"<p>El gobernador Mart\u00edn Llaryora, acompa\u00f1ado por el ministro de Infraestructura y Servicios P\u00fablicos, Fabi\u00e1n L\u00f3pez, firm\u00f3 el decreto para transformar a la Empresa Provincial de Energ\u00eda de C\u00f3rdoba (EPEC) en una Sociedad An\u00f3nima Unipersonal, que tendr\u00e1 el 100 por ciento de sus acciones a nombre del Estado Provincial. De esta forma, la EPEC pasar\u00e1 a [&hellip;]<\/p>\n","protected":false},"author":1,"featured_media":10146,"comment_status":"closed","ping_status":"closed","sticky":false,"template":"","format":"standard","meta":{"footnotes":""},"categories":[69],"tags":[345],"class_list":["post-10145","post","type-post","status-publish","format-standard","has-post-thumbnail","hentry","category-noticias","tag-destacar"],"_links":{"self":[{"href":"https:\/\/www.nextmultimedio.com\/index.php?rest_route=\/wp\/v2\/posts\/10145","targetHints":{"allow":["GET"]}}],"collection":[{"href":"https:\/\/www.nextmultimedio.com\/index.php?rest_route=\/wp\/v2\/posts"}],"about":[{"href":"https:\/\/www.nextmultimedio.com\/index.php?rest_route=\/wp\/v2\/types\/post"}],"author":[{"embeddable":true,"href":"https:\/\/www.nextmultimedio.com\/index.php?rest_route=\/wp\/v2\/users\/1"}],"replies":[{"embeddable":true,"href":"https:\/\/www.nextmultimedio.com\/index.php?rest_route=%2Fwp%2Fv2%2Fcomments&post=10145"}],"version-history":[{"count":1,"href":"https:\/\/www.nextmultimedio.com\/index.php?rest_route=\/wp\/v2\/posts\/10145\/revisions"}],"predecessor-version":[{"id":10147,"href":"https:\/\/www.nextmultimedio.com\/index.php?rest_route=\/wp\/v2\/posts\/10145\/revisions\/10147"}],"wp:featuredmedia":[{"embeddable":true,"href":"https:\/\/www.nextmultimedio.com\/index.php?rest_route=\/wp\/v2\/media\/10146"}],"wp:attachment":[{"href":"https:\/\/www.nextmultimedio.com\/index.php?rest_route=%2Fwp%2Fv2%2Fmedia&parent=10145"}],"wp:term":[{"taxonomy":"category","embeddable":true,"href":"https:\/\/www.nextmultimedio.com\/index.php?rest_route=%2Fwp%2Fv2%2Fcategories&post=10145"},{"taxonomy":"post_tag","embeddable":true,"href":"https:\/\/www.nextmultimedio.com\/index.php?rest_route=%2Fwp%2Fv2%2Ftags&post=10145"}],"curies":[{"name":"wp","href":"https:\/\/api.w.org\/{rel}","templated":true}]}}