{"id":10142,"date":"2025-04-08T18:32:40","date_gmt":"2025-04-08T21:32:40","guid":{"rendered":"https:\/\/www.nextmultimedio.com\/?p=10142"},"modified":"2025-04-08T18:32:41","modified_gmt":"2025-04-08T21:32:41","slug":"un-temblor-sacudio-cordoba","status":"publish","type":"post","link":"https:\/\/www.nextmultimedio.com\/?p=10142","title":{"rendered":"UN TEMBLOR SACUDI\u00d3 C\u00d3RDOBA"},"content":{"rendered":"\n<figure class=\"wp-block-image size-large\"><img loading=\"lazy\" decoding=\"async\" width=\"1024\" height=\"1024\" src=\"https:\/\/www.nextmultimedio.com\/wp-content\/uploads\/2025\/04\/488053132_18294846052243999_3880400277025306124_n-1024x1024.jpg\" alt=\"\" class=\"wp-image-10143\" srcset=\"https:\/\/www.nextmultimedio.com\/wp-content\/uploads\/2025\/04\/488053132_18294846052243999_3880400277025306124_n-1024x1024.jpg 1024w, https:\/\/www.nextmultimedio.com\/wp-content\/uploads\/2025\/04\/488053132_18294846052243999_3880400277025306124_n-300x300.jpg 300w, https:\/\/www.nextmultimedio.com\/wp-content\/uploads\/2025\/04\/488053132_18294846052243999_3880400277025306124_n-768x768.jpg 768w, https:\/\/www.nextmultimedio.com\/wp-content\/uploads\/2025\/04\/488053132_18294846052243999_3880400277025306124_n.jpg 1440w\" sizes=\"auto, (max-width: 1024px) 100vw, 1024px\" \/><\/figure>\n\n\n\n<p>Un&nbsp;temblor&nbsp;sacudi\u00f3 el lunes a la noche a algunos puntos cercanos a la ciudad de&nbsp;C\u00f3rdoba. El movimiento s\u00edsmico se registr\u00f3 a las 23:32 con caracter\u00edsticas leves, de acuerdo a lo que report\u00f3 el&nbsp;Instituto Nacional de Prevenci\u00f3n S\u00edsmica (Inpres).<\/p>\n\n\n\n<p>El organismo indic\u00f3 que el&nbsp;sismo&nbsp;tuvo una magnitud de&nbsp;2.6 grados en la escala de Richter&nbsp;y una profundidad de 29 kil\u00f3metros.<\/p>\n\n\n\n<p>De <a><\/a>acuerdo con el informe oficial, el&nbsp;epicentro&nbsp;estuvo situado a 24 kil\u00f3metros al sudoeste de Alta Gracia, a 59 kil\u00f3metros al este de Villa Dolores y a 60 de la capital, en direcci\u00f3n hacia el sudoeste.<\/p>\n\n\n\n<p>El Inpres precis\u00f3 que el temblor alcanz\u00f3 una intensidad de II a III en la escala Mercalli Modificada. Esto hace que llegue a sentirse de manera leve por algunas personas en reposo o en edificios, explic\u00f3.<\/p>\n\n\n\n<p>De esa manera lo percibieron algunos vecinos de Alta Gracia, Villa Yacanto, Los Reartes, Santa Rosa de Calamuchita, Carlos Paz y La Calera, describi\u00f3 el organismo.<\/p>\n\n\n\n<p>Informaci\u00f3n:@cadena3<\/p>\n\n\n\n<p><a href=\"https:\/\/www.facebook.com\/photo\/?fbid=1225928476204993&amp;set=a.356501556481027&amp;__cft__[0]=AZX8AmiLdtHzrNy08TUJekL2UzMrB6PhYvhzwb0RApJIeK8eC6jgw5U0_W1-wBpw4YyiwVgiXabBeyDXCoYD26Q6Py2s3omim3y-o7uuQgzooyzstdr920pfG7L9hLnA64ymRXy6uJ5cYBoyU5QneBrXTuOID5cWrWuDMrQ0AMkptxqGzwJMC_PQSiV7lVsWn6E&amp;__tn__=EH-R\"><\/a><\/p>\n\n\n\n<figure class=\"wp-block-image\"><a href=\"https:\/\/www.facebook.com\/photo\/?fbid=1225928476204993&amp;set=a.356501556481027&amp;__cft__[0]=AZX8AmiLdtHzrNy08TUJekL2UzMrB6PhYvhzwb0RApJIeK8eC6jgw5U0_W1-wBpw4YyiwVgiXabBeyDXCoYD26Q6Py2s3omim3y-o7uuQgzooyzstdr920pfG7L9hLnA64ymRXy6uJ5cYBoyU5QneBrXTuOID5cWrWuDMrQ0AMkptxqGzwJMC_PQSiV7lVsWn6E&amp;__tn__=EH-R\"><img decoding=\"async\" src=\"https:\/\/scontent.fcor10-3.fna.fbcdn.net\/v\/t51.75761-15\/488053132_18294846052243999_3880400277025306124_n.jpg?stp=dst-jpg_p526x296_tt6&amp;_nc_cat=102&amp;ccb=1-7&amp;_nc_sid=127cfc&amp;_nc_eui2=AeFvKs8IldN_qha7Fwzha81qzcGB--5anijNwYH77lqeKLCteJ_RfemymKmebrNZYtc&amp;_nc_ohc=bxpEDvSW4qsQ7kNvwEYSYqA&amp;_nc_oc=Adm-qH_nMBE7fsLZHWbpJJecPZZ81_gLQ97iBN9Ro9vnk6j6slW03MpD0uwHp_mTVJs&amp;_nc_zt=23&amp;_nc_ht=scontent.fcor10-3.fna&amp;_nc_gid=v1WFcNOlL8TeLoJbB-0Zbg&amp;oh=00_AfF7FmH__dRi4wZdRa9Md20rNpLuUyP-JfmGddggJA5LYA&amp;oe=67FB5239\" alt=\"Puede ser una imagen de mapa y texto que dice &quot;De\u00e1n DeanFunes Funes Ceres Serrezuela Va.de Soto Cruz del Eje Jes\u00fas Maria La Falda Cosquin CORDOBA Mirar Tanti Mina Clavero Va.Dolores Va. San Francisc ya.Gral.Belgrano Merlo Rio Tercero Los Condores Va.Maria a Toma Rio Cuarto ercedes Sampacho La La Carlota&quot;\"\/><\/a><\/figure>\n","protected":false},"excerpt":{"rendered":"<p>Un&nbsp;temblor&nbsp;sacudi\u00f3 el lunes a la noche a algunos puntos cercanos a la ciudad de&nbsp;C\u00f3rdoba. El movimiento s\u00edsmico se registr\u00f3 a las 23:32 con caracter\u00edsticas leves, de acuerdo a lo que report\u00f3 el&nbsp;Instituto Nacional de Prevenci\u00f3n S\u00edsmica (Inpres). El organismo indic\u00f3 que el&nbsp;sismo&nbsp;tuvo una magnitud de&nbsp;2.6 grados en la escala de Richter&nbsp;y una profundidad de 29 [&hellip;]<\/p>\n","protected":false},"author":1,"featured_media":10143,"comment_status":"closed","ping_status":"closed","sticky":false,"template":"","format":"standard","meta":{"footnotes":""},"categories":[69],"tags":[345],"class_list":["post-10142","post","type-post","status-publish","format-standard","has-post-thumbnail","hentry","category-noticias","tag-destacar"],"_links":{"self":[{"href":"https:\/\/www.nextmultimedio.com\/index.php?rest_route=\/wp\/v2\/posts\/10142","targetHints":{"allow":["GET"]}}],"collection":[{"href":"https:\/\/www.nextmultimedio.com\/index.php?rest_route=\/wp\/v2\/posts"}],"about":[{"href":"https:\/\/www.nextmultimedio.com\/index.php?rest_route=\/wp\/v2\/types\/post"}],"author":[{"embeddable":true,"href":"https:\/\/www.nextmultimedio.com\/index.php?rest_route=\/wp\/v2\/users\/1"}],"replies":[{"embeddable":true,"href":"https:\/\/www.nextmultimedio.com\/index.php?rest_route=%2Fwp%2Fv2%2Fcomments&post=10142"}],"version-history":[{"count":1,"href":"https:\/\/www.nextmultimedio.com\/index.php?rest_route=\/wp\/v2\/posts\/10142\/revisions"}],"predecessor-version":[{"id":10144,"href":"https:\/\/www.nextmultimedio.com\/index.php?rest_route=\/wp\/v2\/posts\/10142\/revisions\/10144"}],"wp:featuredmedia":[{"embeddable":true,"href":"https:\/\/www.nextmultimedio.com\/index.php?rest_route=\/wp\/v2\/media\/10143"}],"wp:attachment":[{"href":"https:\/\/www.nextmultimedio.com\/index.php?rest_route=%2Fwp%2Fv2%2Fmedia&parent=10142"}],"wp:term":[{"taxonomy":"category","embeddable":true,"href":"https:\/\/www.nextmultimedio.com\/index.php?rest_route=%2Fwp%2Fv2%2Fcategories&post=10142"},{"taxonomy":"post_tag","embeddable":true,"href":"https:\/\/www.nextmultimedio.com\/index.php?rest_route=%2Fwp%2Fv2%2Ftags&post=10142"}],"curies":[{"name":"wp","href":"https:\/\/api.w.org\/{rel}","templated":true}]}}