{"id":10139,"date":"2025-04-08T18:30:17","date_gmt":"2025-04-08T21:30:17","guid":{"rendered":"https:\/\/www.nextmultimedio.com\/?p=10139"},"modified":"2025-04-08T18:30:18","modified_gmt":"2025-04-08T21:30:18","slug":"jueves-10-de-abrilparo-nacional","status":"publish","type":"post","link":"https:\/\/www.nextmultimedio.com\/?p=10139","title":{"rendered":"JUEVES 10 DE ABRIL:PARO NACIONAL"},"content":{"rendered":"\n<figure class=\"wp-block-image size-full\"><img loading=\"lazy\" decoding=\"async\" width=\"526\" height=\"526\" src=\"https:\/\/www.nextmultimedio.com\/wp-content\/uploads\/2025\/04\/485125756_18292442272243999_5346544585154719136_n.jpg\" alt=\"\" class=\"wp-image-10140\" srcset=\"https:\/\/www.nextmultimedio.com\/wp-content\/uploads\/2025\/04\/485125756_18292442272243999_5346544585154719136_n.jpg 526w, https:\/\/www.nextmultimedio.com\/wp-content\/uploads\/2025\/04\/485125756_18292442272243999_5346544585154719136_n-300x300.jpg 300w\" sizes=\"auto, (max-width: 526px) 100vw, 526px\" \/><\/figure>\n\n\n\n<p>Este jueves 10 de abril se vivir\u00e1 un nuevo paro general en Argentina, convocado por la CGT (Confederaci\u00f3n General del Trabajo) y respaldado por las dos CTA. La medida, en rechazo a las pol\u00edticas del gobierno de Javier Milei, afectar\u00e1 m\u00faltiples servicios p\u00fablicos y privados, generando un fuerte impacto en la rutina diaria de millones de argentinos.<\/p>\n\n\n\n<p>El paro no ser\u00e1 solo de 24 horas. La protesta comenzar\u00e1 el mi\u00e9rcoles 9 de abril al mediod\u00eda con <a><\/a>movilizaciones frente al Congreso junto a jubilados, y se extender\u00e1 hasta el final del jueves 10 con una huelga total de actividades. Se trata del tercer paro general desde que Milei asumi\u00f3 la presidencia.<\/p>\n\n\n\n<p>Colectivos urbanos: La UTA confirm\u00f3 que los colectivos funcionar\u00e1n con normalidad gracias a una conciliaci\u00f3n obligatoria vigente hasta el 11 de abril.<\/p>\n\n\n\n<p>Taxis: Se espera una disponibilidad reducida, ya que muchos choferes se sumar\u00e1n a la medida.<\/p>\n\n\n\n<p>Bancos: No habr\u00e1 atenci\u00f3n en sucursales. Solo se podr\u00e1 operar por&nbsp;home banking.<\/p>\n\n\n\n<p>Escuelas y universidades: La&nbsp;Ctera, Conadu y otros gremios docentes&nbsp;se sumar\u00e1n al paro. El dictado de clases ser\u00e1 dispar, especialmente en el sector privado y en funci\u00f3n de la disponibilidad de transporte.<\/p>\n\n\n\n<p>Administraci\u00f3n p\u00fablica: Organismos estatales, municipios, oficinas p\u00fablicas y hospitales reducir\u00e1n al m\u00ednimo sus actividades, debido al apoyo de gremios como&nbsp;UPCN y ATE.<\/p>\n\n\n\n<p>Foto ilustrativa<\/p>\n\n\n\n<p>informaci\u00f3n @V\u00edaPa\u00eds<\/p>\n\n\n\n<p><a href=\"https:\/\/www.facebook.com\/photo\/?fbid=1226187806179060&amp;set=a.356501556481027&amp;__cft__[0]=AZWWmfD1jsrcxvQ5TcSTrwDHnWclVUVoBJXppsdTv77T2e8TQgY9eicteenZ3Q2xKIU3PsQFFFMmN4q7YPbzW30AWp2DjnVeJTX2ABRFyi7X7--nggqSeH20vZoZao7PiVHFUG4ccvlpAGVYrdqGgTSsoXSOdzy4NJBWeNGw6_jxxN9yaLsTCrFfcCK0Sq55M2U&amp;__tn__=EH-R\"><\/a><\/p>\n\n\n\n<figure class=\"wp-block-image\"><a href=\"https:\/\/www.facebook.com\/photo\/?fbid=1226187806179060&amp;set=a.356501556481027&amp;__cft__[0]=AZWWmfD1jsrcxvQ5TcSTrwDHnWclVUVoBJXppsdTv77T2e8TQgY9eicteenZ3Q2xKIU3PsQFFFMmN4q7YPbzW30AWp2DjnVeJTX2ABRFyi7X7--nggqSeH20vZoZao7PiVHFUG4ccvlpAGVYrdqGgTSsoXSOdzy4NJBWeNGw6_jxxN9yaLsTCrFfcCK0Sq55M2U&amp;__tn__=EH-R\"><img decoding=\"async\" src=\"https:\/\/scontent.fcor10-3.fna.fbcdn.net\/v\/t51.75761-15\/488774755_18294874888243999_2838237051589667459_n.webp?stp=dst-jpg_p526x296_tt6&amp;_nc_cat=104&amp;ccb=1-7&amp;_nc_sid=127cfc&amp;_nc_eui2=AeGogjAceeIbCp7IJ2HXvB9t-egm-p35Xk356Cb6nfleTYw1xMvEpBW53shDKmb-SEI&amp;_nc_ohc=hbwG0RuugqUQ7kNvwGV_r4F&amp;_nc_oc=AdkqWaQL7_6Ih_7Uk291P4kpEwC6uXmeH6xoTWnE0y8r5L72mK3BhuNu-SuFQVWLcdk&amp;_nc_zt=23&amp;_nc_ht=scontent.fcor10-3.fna&amp;_nc_gid=SMjSvx-VNuBzbd9a3wxMuw&amp;oh=00_AfFlqJqm0anX96aMYfrazUvM0B8UOgxG9Z8LX7ODZARXOQ&amp;oe=67FB4A7F\" alt=\"Puede ser una imagen de 1 persona y calle\"\/><\/a><\/figure>\n","protected":false},"excerpt":{"rendered":"<p>Este jueves 10 de abril se vivir\u00e1 un nuevo paro general en Argentina, convocado por la CGT (Confederaci\u00f3n General del Trabajo) y respaldado por las dos CTA. La medida, en rechazo a las pol\u00edticas del gobierno de Javier Milei, afectar\u00e1 m\u00faltiples servicios p\u00fablicos y privados, generando un fuerte impacto en la rutina diaria de millones [&hellip;]<\/p>\n","protected":false},"author":1,"featured_media":10140,"comment_status":"closed","ping_status":"closed","sticky":false,"template":"","format":"standard","meta":{"footnotes":""},"categories":[69],"tags":[345],"class_list":["post-10139","post","type-post","status-publish","format-standard","has-post-thumbnail","hentry","category-noticias","tag-destacar"],"_links":{"self":[{"href":"https:\/\/www.nextmultimedio.com\/index.php?rest_route=\/wp\/v2\/posts\/10139","targetHints":{"allow":["GET"]}}],"collection":[{"href":"https:\/\/www.nextmultimedio.com\/index.php?rest_route=\/wp\/v2\/posts"}],"about":[{"href":"https:\/\/www.nextmultimedio.com\/index.php?rest_route=\/wp\/v2\/types\/post"}],"author":[{"embeddable":true,"href":"https:\/\/www.nextmultimedio.com\/index.php?rest_route=\/wp\/v2\/users\/1"}],"replies":[{"embeddable":true,"href":"https:\/\/www.nextmultimedio.com\/index.php?rest_route=%2Fwp%2Fv2%2Fcomments&post=10139"}],"version-history":[{"count":1,"href":"https:\/\/www.nextmultimedio.com\/index.php?rest_route=\/wp\/v2\/posts\/10139\/revisions"}],"predecessor-version":[{"id":10141,"href":"https:\/\/www.nextmultimedio.com\/index.php?rest_route=\/wp\/v2\/posts\/10139\/revisions\/10141"}],"wp:featuredmedia":[{"embeddable":true,"href":"https:\/\/www.nextmultimedio.com\/index.php?rest_route=\/wp\/v2\/media\/10140"}],"wp:attachment":[{"href":"https:\/\/www.nextmultimedio.com\/index.php?rest_route=%2Fwp%2Fv2%2Fmedia&parent=10139"}],"wp:term":[{"taxonomy":"category","embeddable":true,"href":"https:\/\/www.nextmultimedio.com\/index.php?rest_route=%2Fwp%2Fv2%2Fcategories&post=10139"},{"taxonomy":"post_tag","embeddable":true,"href":"https:\/\/www.nextmultimedio.com\/index.php?rest_route=%2Fwp%2Fv2%2Ftags&post=10139"}],"curies":[{"name":"wp","href":"https:\/\/api.w.org\/{rel}","templated":true}]}}