{"id":10104,"date":"2025-04-06T13:14:23","date_gmt":"2025-04-06T16:14:23","guid":{"rendered":"https:\/\/www.nextmultimedio.com\/?p=10104"},"modified":"2025-04-06T13:19:44","modified_gmt":"2025-04-06T16:19:44","slug":"el-cerro-la-cruz-esta-cumpliendo-90-anos","status":"publish","type":"post","link":"https:\/\/www.nextmultimedio.com\/?p=10104","title":{"rendered":"EL CERRO LA CRUZ EST\u00c1 CUMPLIENDO 90 A\u00d1OS"},"content":{"rendered":"\n<figure class=\"wp-block-image size-large\"><img loading=\"lazy\" decoding=\"async\" width=\"821\" height=\"1024\" src=\"https:\/\/www.nextmultimedio.com\/wp-content\/uploads\/2025\/04\/488684021_18294660847243999_7757782363386353748_n-821x1024.jpg\" alt=\"\" class=\"wp-image-10105\" srcset=\"https:\/\/www.nextmultimedio.com\/wp-content\/uploads\/2025\/04\/488684021_18294660847243999_7757782363386353748_n-821x1024.jpg 821w, https:\/\/www.nextmultimedio.com\/wp-content\/uploads\/2025\/04\/488684021_18294660847243999_7757782363386353748_n-240x300.jpg 240w, https:\/\/www.nextmultimedio.com\/wp-content\/uploads\/2025\/04\/488684021_18294660847243999_7757782363386353748_n-768x958.jpg 768w, https:\/\/www.nextmultimedio.com\/wp-content\/uploads\/2025\/04\/488684021_18294660847243999_7757782363386353748_n-1231x1536.jpg 1231w, https:\/\/www.nextmultimedio.com\/wp-content\/uploads\/2025\/04\/488684021_18294660847243999_7757782363386353748_n.jpg 1440w\" sizes=\"auto, (max-width: 821px) 100vw, 821px\" \/><\/figure>\n\n\n\n<p>Un d\u00eda como hoy, hace 90 a\u00f1os, se inauguraba el monumento del Cerro La Cruz, uno de los principales \u00edconos de nuestra Villa y un circuito visitado diariamente por vecinos y turistas.<\/p>\n\n\n\n<p>El Cerro de la Cruz es el pico m\u00e1s alto de Villa Carlos Paz y fue donado por Margarita Avanzatto de Paz, con motivo del XXXII Congreso Eucar\u00edstico Internacional.<\/p>\n\n\n\n<p>El <a><\/a>camino de 2.200 metros recorre las estaciones del v\u00eda crucis, tras el cual se llega a la cruz de 15 metros de altura, que fue construida por el ingeniero Arrambide con materiales llevados a lomo de burro hasta la cima del cerro.<\/p>\n\n\n\n<p>La imponente cruz blanca cuenta con una inscripci\u00f3n en lat\u00edn: \u201cChristus Vivit Regnat et Imperat\u201d, que significa \u201cCristo vive, reina e impera\u201d.<\/p>\n\n\n\n<p>Hoy a partir de las 13:30 se realizar\u00e1 un ascenso para compartir el acto por su aniversario.<\/p>\n\n\n\n<p>Informaci\u00f3n e im\u00e1genes:<a href=\"https:\/\/l.facebook.com\/l.php?u=https%3A%2F%2Fwww.instagram.com%2F_u%2Fmunicarlospaz%3Ffbclid%3DIwZXh0bgNhZW0CMTAAAR54R1Oow9oO4Y59fh5rBQY0LxBj6QNX6hcUKU8kR2wBol-sx9cfh21GhLuInQ_aem_iF6_R78yufopr81RgJRGQA&amp;h=AT03VKXGJdPfRjvwGsV7P3l4ki19A6V12NiQ-1hdSi4cAovB6Fg3TjbhvFjveX7XVmG3FIe8teSWu5A3jMp3OKMbqBBesN8e4uS9YMi-52r6EZ1uNrFMpCygIV_-ODavaA&amp;__tn__=-UK-R&amp;c[0]=AT30tixpTPyhzr3WY4KmkaVGIalIGGwQDyS3De-P4RUaH8W1JBlKj7wFtSsJg6xMbrJWUcYiqZvyBCwLLgrubnnnTyuaWg2BvuLr8Z3h4lY_gdyWN5fcEg6sn7xX7diHGEUj6If3tocu3BFMvH2mP6OZyOKgKltF5enN-fulYfvtE4bNX1ygWyimuUgKfNrZNYL2LG55Ae7sUiKaNhjLPyNdBg\" rel=\"noreferrer noopener\" target=\"_blank\">@municarlospaz<\/a><\/p>\n\n\n\n<p><a href=\"https:\/\/www.facebook.com\/photo\/?fbid=1224155236382317&amp;set=pcb.1224155253048982&amp;__cft__[0]=AZVglnxLs_4q_kXifDQo0rCl-YPY_pykVjspuTpjm0WuNeoQVAPbEJ5qd4oYZ4t7M_kd3IbvJ0MHOVM1_XeZbAJrdBg7kRVTP7QuGpXXbiUVwnVQg2NUL3oVafoGtEY0SNmQwF5UXIPDmiEcsN5PyTsG50Biud1eola_jpgaZa_yqdbMciW2WeNC1o63pZ7BjUs&amp;__tn__=*b0H-R\"><\/a><\/p>\n\n\n\n<figure class=\"wp-block-image\"><a href=\"https:\/\/www.facebook.com\/photo\/?fbid=1224155236382317&amp;set=pcb.1224155253048982&amp;__cft__[0]=AZVglnxLs_4q_kXifDQo0rCl-YPY_pykVjspuTpjm0WuNeoQVAPbEJ5qd4oYZ4t7M_kd3IbvJ0MHOVM1_XeZbAJrdBg7kRVTP7QuGpXXbiUVwnVQg2NUL3oVafoGtEY0SNmQwF5UXIPDmiEcsN5PyTsG50Biud1eola_jpgaZa_yqdbMciW2WeNC1o63pZ7BjUs&amp;__tn__=*b0H-R\"><img decoding=\"async\" src=\"https:\/\/scontent.fcor10-3.fna.fbcdn.net\/v\/t51.75761-15\/487124622_18294660820243999_7778708267316926937_n.jpg?stp=dst-jpg_s600x600_tt6&amp;_nc_cat=105&amp;ccb=1-7&amp;_nc_sid=127cfc&amp;_nc_eui2=AeEyg1aFRUlxjwA9i8RUcDicFauwaD1mkdIVq7BoPWaR0jYu9hacYjeots7pOosNtDc&amp;_nc_ohc=NGWaMl9nUr0Q7kNvwHiUelK&amp;_nc_oc=AdmipPJt70JKbETpH6iD3QF4oMaWybHJ3dnU-8DsPxxyS9ES8f_-i11mF_Bct5EPZSQ&amp;_nc_zt=23&amp;_nc_ht=scontent.fcor10-3.fna&amp;_nc_gid=mfM92v5hWzRO6-h64jMdrQ&amp;oh=00_AfF86gURZa6I6FWI1OhCct4tivirmjvuUnbcDs-wOfsRfA&amp;oe=67F8621B\" alt=\"\"\/><\/a><\/figure>\n\n\n\n<p><a href=\"https:\/\/www.facebook.com\/photo\/?fbid=1224155239715650&amp;set=pcb.1224155253048982&amp;__cft__[0]=AZVglnxLs_4q_kXifDQo0rCl-YPY_pykVjspuTpjm0WuNeoQVAPbEJ5qd4oYZ4t7M_kd3IbvJ0MHOVM1_XeZbAJrdBg7kRVTP7QuGpXXbiUVwnVQg2NUL3oVafoGtEY0SNmQwF5UXIPDmiEcsN5PyTsG50Biud1eola_jpgaZa_yqdbMciW2WeNC1o63pZ7BjUs&amp;__tn__=*b1H-R\"><\/a><\/p>\n\n\n\n<figure class=\"wp-block-image\"><a href=\"https:\/\/www.facebook.com\/photo\/?fbid=1224155239715650&amp;set=pcb.1224155253048982&amp;__cft__[0]=AZVglnxLs_4q_kXifDQo0rCl-YPY_pykVjspuTpjm0WuNeoQVAPbEJ5qd4oYZ4t7M_kd3IbvJ0MHOVM1_XeZbAJrdBg7kRVTP7QuGpXXbiUVwnVQg2NUL3oVafoGtEY0SNmQwF5UXIPDmiEcsN5PyTsG50Biud1eola_jpgaZa_yqdbMciW2WeNC1o63pZ7BjUs&amp;__tn__=*b1H-R\"><img decoding=\"async\" src=\"https:\/\/scontent.fcor10-3.fna.fbcdn.net\/v\/t51.75761-15\/488279160_18294660829243999_4387673886203733982_n.jpg?stp=dst-jpg_s600x600_tt6&amp;_nc_cat=105&amp;ccb=1-7&amp;_nc_sid=127cfc&amp;_nc_eui2=AeFmQKMVSvQ-OKLRN9TqMx_Tx4qskKGYY37HiqyQoZhjfuUnHGXmr6sSpUNbUIpNr_k&amp;_nc_ohc=tDaQ8OP4YTgQ7kNvwH3QvbF&amp;_nc_oc=AdlLkq0oe_VTF-H05T5nkWd2oUGWqY9yxVVeUaLftReR4f9dGtUzhFfLF1ZrCwDAKS4&amp;_nc_zt=23&amp;_nc_ht=scontent.fcor10-3.fna&amp;_nc_gid=mfM92v5hWzRO6-h64jMdrQ&amp;oh=00_AfGzQqsQfAdeJazYmJI2kXDmvZhWmHONtURY_0VG8QuoYw&amp;oe=67F86CF2\" alt=\"\"\/><\/a><\/figure>\n\n\n\n<p><a href=\"https:\/\/www.facebook.com\/photo\/?fbid=1224155243048983&amp;set=pcb.1224155253048982&amp;__cft__[0]=AZVglnxLs_4q_kXifDQo0rCl-YPY_pykVjspuTpjm0WuNeoQVAPbEJ5qd4oYZ4t7M_kd3IbvJ0MHOVM1_XeZbAJrdBg7kRVTP7QuGpXXbiUVwnVQg2NUL3oVafoGtEY0SNmQwF5UXIPDmiEcsN5PyTsG50Biud1eola_jpgaZa_yqdbMciW2WeNC1o63pZ7BjUs&amp;__tn__=*b2H-R\"><\/a><\/p>\n\n\n\n<figure class=\"wp-block-image\"><a href=\"https:\/\/www.facebook.com\/photo\/?fbid=1224155243048983&amp;set=pcb.1224155253048982&amp;__cft__[0]=AZVglnxLs_4q_kXifDQo0rCl-YPY_pykVjspuTpjm0WuNeoQVAPbEJ5qd4oYZ4t7M_kd3IbvJ0MHOVM1_XeZbAJrdBg7kRVTP7QuGpXXbiUVwnVQg2NUL3oVafoGtEY0SNmQwF5UXIPDmiEcsN5PyTsG50Biud1eola_jpgaZa_yqdbMciW2WeNC1o63pZ7BjUs&amp;__tn__=*b2H-R\"><img decoding=\"async\" src=\"https:\/\/scontent.fcor10-4.fna.fbcdn.net\/v\/t51.75761-15\/489464751_18294660838243999_7487104999636441920_n.jpg?stp=dst-jpg_p480x480_tt6&amp;_nc_cat=111&amp;ccb=1-7&amp;_nc_sid=127cfc&amp;_nc_eui2=AeEvHntJyFWN3ujoiodtzV-vZ-Ik24UYprNn4iTbhRims73VBCa7PsjcFLhbVXGU84w&amp;_nc_ohc=cjjVqL4jKKUQ7kNvwGoV3yt&amp;_nc_oc=Adl61KeHaUcD6Ei0wrqeE9P2kvos_OOvo9yoIz-rT2Xr68CyklEz3BJLmCE4mqLYgqE&amp;_nc_zt=23&amp;_nc_ht=scontent.fcor10-4.fna&amp;_nc_gid=mfM92v5hWzRO6-h64jMdrQ&amp;oh=00_AfGvG2tfLq6zL1Il-kcQUPvO_q3fE5cmKYheDcpJJDUOiQ&amp;oe=67F86544\" alt=\"\"\/><\/a><\/figure>\n\n\n\n<p><a href=\"https:\/\/www.facebook.com\/photo\/?fbid=1224155233048984&amp;set=pcb.1224155253048982&amp;__cft__[0]=AZVglnxLs_4q_kXifDQo0rCl-YPY_pykVjspuTpjm0WuNeoQVAPbEJ5qd4oYZ4t7M_kd3IbvJ0MHOVM1_XeZbAJrdBg7kRVTP7QuGpXXbiUVwnVQg2NUL3oVafoGtEY0SNmQwF5UXIPDmiEcsN5PyTsG50Biud1eola_jpgaZa_yqdbMciW2WeNC1o63pZ7BjUs&amp;__tn__=*b3H-R\"><\/a><\/p>\n\n\n\n<figure class=\"wp-block-image\"><a href=\"https:\/\/www.facebook.com\/photo\/?fbid=1224155233048984&amp;set=pcb.1224155253048982&amp;__cft__[0]=AZVglnxLs_4q_kXifDQo0rCl-YPY_pykVjspuTpjm0WuNeoQVAPbEJ5qd4oYZ4t7M_kd3IbvJ0MHOVM1_XeZbAJrdBg7kRVTP7QuGpXXbiUVwnVQg2NUL3oVafoGtEY0SNmQwF5UXIPDmiEcsN5PyTsG50Biud1eola_jpgaZa_yqdbMciW2WeNC1o63pZ7BjUs&amp;__tn__=*b3H-R\"><img decoding=\"async\" src=\"https:\/\/scontent.fcor10-3.fna.fbcdn.net\/v\/t51.75761-15\/488684021_18294660847243999_7757782363386353748_n.jpg?stp=dst-jpg_s600x600_tt6&amp;_nc_cat=100&amp;ccb=1-7&amp;_nc_sid=127cfc&amp;_nc_eui2=AeHwud9sn382N6r8oIT9WwO72csX4fleJB3Zyxfh-V4kHWkF0Ou1BIdPDa1UgVqtHkk&amp;_nc_ohc=yC0OEENe21cQ7kNvwHltm3y&amp;_nc_oc=AdnMh7Mo7gQklqWspwdosRDkelEVP7v41--ccf4jTRJy2o8Tu0yB63XsqiUiSHvljSw&amp;_nc_zt=23&amp;_nc_ht=scontent.fcor10-3.fna&amp;_nc_gid=mfM92v5hWzRO6-h64jMdrQ&amp;oh=00_AfE1mRi5yIK9b8mYSUMZi_81dK9wE9xhAPpFvsTcdtbNyg&amp;oe=67F884FC\" alt=\"\"\/><\/a><\/figure>\n","protected":false},"excerpt":{"rendered":"<p>Un d\u00eda como hoy, hace 90 a\u00f1os, se inauguraba el monumento del Cerro La Cruz, uno de los principales \u00edconos de nuestra Villa y un circuito visitado diariamente por vecinos y turistas. El Cerro de la Cruz es el pico m\u00e1s alto de Villa Carlos Paz y fue donado por Margarita Avanzatto de Paz, con [&hellip;]<\/p>\n","protected":false},"author":1,"featured_media":10105,"comment_status":"closed","ping_status":"closed","sticky":false,"template":"","format":"standard","meta":{"footnotes":""},"categories":[69],"tags":[345],"class_list":["post-10104","post","type-post","status-publish","format-standard","has-post-thumbnail","hentry","category-noticias","tag-destacar"],"_links":{"self":[{"href":"https:\/\/www.nextmultimedio.com\/index.php?rest_route=\/wp\/v2\/posts\/10104","targetHints":{"allow":["GET"]}}],"collection":[{"href":"https:\/\/www.nextmultimedio.com\/index.php?rest_route=\/wp\/v2\/posts"}],"about":[{"href":"https:\/\/www.nextmultimedio.com\/index.php?rest_route=\/wp\/v2\/types\/post"}],"author":[{"embeddable":true,"href":"https:\/\/www.nextmultimedio.com\/index.php?rest_route=\/wp\/v2\/users\/1"}],"replies":[{"embeddable":true,"href":"https:\/\/www.nextmultimedio.com\/index.php?rest_route=%2Fwp%2Fv2%2Fcomments&post=10104"}],"version-history":[{"count":1,"href":"https:\/\/www.nextmultimedio.com\/index.php?rest_route=\/wp\/v2\/posts\/10104\/revisions"}],"predecessor-version":[{"id":10106,"href":"https:\/\/www.nextmultimedio.com\/index.php?rest_route=\/wp\/v2\/posts\/10104\/revisions\/10106"}],"wp:featuredmedia":[{"embeddable":true,"href":"https:\/\/www.nextmultimedio.com\/index.php?rest_route=\/wp\/v2\/media\/10105"}],"wp:attachment":[{"href":"https:\/\/www.nextmultimedio.com\/index.php?rest_route=%2Fwp%2Fv2%2Fmedia&parent=10104"}],"wp:term":[{"taxonomy":"category","embeddable":true,"href":"https:\/\/www.nextmultimedio.com\/index.php?rest_route=%2Fwp%2Fv2%2Fcategories&post=10104"},{"taxonomy":"post_tag","embeddable":true,"href":"https:\/\/www.nextmultimedio.com\/index.php?rest_route=%2Fwp%2Fv2%2Ftags&post=10104"}],"curies":[{"name":"wp","href":"https:\/\/api.w.org\/{rel}","templated":true}]}}