{"id":10099,"date":"2025-04-04T21:15:47","date_gmt":"2025-04-05T00:15:47","guid":{"rendered":"https:\/\/www.nextmultimedio.com\/?p=10099"},"modified":"2025-04-04T21:15:48","modified_gmt":"2025-04-05T00:15:48","slug":"cordoba-sera-sede-de-la-convencion-anual-braztoa-2025","status":"publish","type":"post","link":"https:\/\/www.nextmultimedio.com\/?p=10099","title":{"rendered":"C\u00d3RDOBA SER\u00c1 SEDE DE LA CONVENCI\u00d3N ANUAL BRAZTOA 2025"},"content":{"rendered":"\n<figure class=\"wp-block-image size-full\"><img loading=\"lazy\" decoding=\"async\" width=\"1024\" height=\"683\" src=\"https:\/\/www.nextmultimedio.com\/wp-content\/uploads\/2025\/04\/CAMINO-DE-RIOS-Y-PINARES-san-clemente-3-1024x683-1.jpg\" alt=\"\" class=\"wp-image-10100\" srcset=\"https:\/\/www.nextmultimedio.com\/wp-content\/uploads\/2025\/04\/CAMINO-DE-RIOS-Y-PINARES-san-clemente-3-1024x683-1.jpg 1024w, https:\/\/www.nextmultimedio.com\/wp-content\/uploads\/2025\/04\/CAMINO-DE-RIOS-Y-PINARES-san-clemente-3-1024x683-1-300x200.jpg 300w, https:\/\/www.nextmultimedio.com\/wp-content\/uploads\/2025\/04\/CAMINO-DE-RIOS-Y-PINARES-san-clemente-3-1024x683-1-768x512.jpg 768w\" sizes=\"auto, (max-width: 1024px) 100vw, 1024px\" \/><\/figure>\n\n\n\n<p>C\u00f3rdoba sigue afianzando su posicionamiento internacional y, por primera vez en la historia, ser\u00e1 sede de la Convenci\u00f3n Anual de BRAZTOA 2025, un evento de gran relevancia que reunir\u00e1 a los principales operadores tur\u00edsticos de Brasil.&nbsp;<\/p>\n\n\n\n<p>Del 23 al 27 de septiembre, la provincia recibir\u00e1 a 70 representantes de las empresas de turismo m\u00e1s importantes del pa\u00eds vecino, en una oportunidad \u00fanica para potenciar el v\u00ednculo comercial y atraer m\u00e1s visitantes brasile\u00f1os.<\/p>\n\n\n\n<p>Durante cinco d\u00edas, los operadores recorrer\u00e1n la provincia, conociendo en primera persona la diversidad de experiencias y atractivos que C\u00f3rdoba tiene para ofrecer.&nbsp;<\/p>\n\n\n\n<p>Este encuentro representa un paso estrat\u00e9gico para fortalecer la relaci\u00f3n con uno de los mercados emisivos m\u00e1s importantes, generando nuevas oportunidades para el sector tur\u00edstico local.<\/p>\n\n\n\n<p>La elecci\u00f3n de C\u00f3rdoba como sede de este prestigioso evento reafirma su potencial como destino de referencia y su capacidad para albergar encuentros de nivel internacional, impulsando el crecimiento del turismo y la proyecci\u00f3n de la provincia en el mercado brasile\u00f1o.<\/p>\n\n\n\n<p>El presidente de la Agencia C\u00f3rdoba Turismo, Dar\u00edo Capitani, destac\u00f3 el impacto de este acontecimiento<strong><em>&nbsp;<\/em><\/strong><em>y sostuvo que<\/em><strong><em>&nbsp;<\/em><\/strong><em>\u201crecibir la Convenci\u00f3n Anual de BRAZTOA es un reconocimiento al trabajo sostenido que venimos realizando para posicionar a C\u00f3rdoba en el mercado internacional. Esta visita no solo nos permite mostrar nuestro destino a operadores clave, sino que tambi\u00e9n abre nuevas oportunidades comerciales para el turismo provincial\u201d.<\/em><\/p>\n","protected":false},"excerpt":{"rendered":"<p>C\u00f3rdoba sigue afianzando su posicionamiento internacional y, por primera vez en la historia, ser\u00e1 sede de la Convenci\u00f3n Anual de BRAZTOA 2025, un evento de gran relevancia que reunir\u00e1 a los principales operadores tur\u00edsticos de Brasil.&nbsp; Del 23 al 27 de septiembre, la provincia recibir\u00e1 a 70 representantes de las empresas de turismo m\u00e1s importantes [&hellip;]<\/p>\n","protected":false},"author":1,"featured_media":10100,"comment_status":"closed","ping_status":"closed","sticky":false,"template":"","format":"standard","meta":{"footnotes":""},"categories":[69],"tags":[345],"class_list":["post-10099","post","type-post","status-publish","format-standard","has-post-thumbnail","hentry","category-noticias","tag-destacar"],"_links":{"self":[{"href":"https:\/\/www.nextmultimedio.com\/index.php?rest_route=\/wp\/v2\/posts\/10099","targetHints":{"allow":["GET"]}}],"collection":[{"href":"https:\/\/www.nextmultimedio.com\/index.php?rest_route=\/wp\/v2\/posts"}],"about":[{"href":"https:\/\/www.nextmultimedio.com\/index.php?rest_route=\/wp\/v2\/types\/post"}],"author":[{"embeddable":true,"href":"https:\/\/www.nextmultimedio.com\/index.php?rest_route=\/wp\/v2\/users\/1"}],"replies":[{"embeddable":true,"href":"https:\/\/www.nextmultimedio.com\/index.php?rest_route=%2Fwp%2Fv2%2Fcomments&post=10099"}],"version-history":[{"count":1,"href":"https:\/\/www.nextmultimedio.com\/index.php?rest_route=\/wp\/v2\/posts\/10099\/revisions"}],"predecessor-version":[{"id":10101,"href":"https:\/\/www.nextmultimedio.com\/index.php?rest_route=\/wp\/v2\/posts\/10099\/revisions\/10101"}],"wp:featuredmedia":[{"embeddable":true,"href":"https:\/\/www.nextmultimedio.com\/index.php?rest_route=\/wp\/v2\/media\/10100"}],"wp:attachment":[{"href":"https:\/\/www.nextmultimedio.com\/index.php?rest_route=%2Fwp%2Fv2%2Fmedia&parent=10099"}],"wp:term":[{"taxonomy":"category","embeddable":true,"href":"https:\/\/www.nextmultimedio.com\/index.php?rest_route=%2Fwp%2Fv2%2Fcategories&post=10099"},{"taxonomy":"post_tag","embeddable":true,"href":"https:\/\/www.nextmultimedio.com\/index.php?rest_route=%2Fwp%2Fv2%2Ftags&post=10099"}],"curies":[{"name":"wp","href":"https:\/\/api.w.org\/{rel}","templated":true}]}}