{"id":10089,"date":"2025-04-04T21:04:21","date_gmt":"2025-04-05T00:04:21","guid":{"rendered":"https:\/\/www.nextmultimedio.com\/?p=10089"},"modified":"2025-04-04T21:04:22","modified_gmt":"2025-04-05T00:04:22","slug":"carlos-paz-es-sede-del-festival-automoto-en-la-costanera","status":"publish","type":"post","link":"https:\/\/www.nextmultimedio.com\/?p=10089","title":{"rendered":"CARLOS PAZ ES SEDE DEL FESTIVAL AUTOMOTO EN LA COSTANERA"},"content":{"rendered":"\n<figure class=\"wp-block-image size-full\"><img loading=\"lazy\" decoding=\"async\" width=\"700\" height=\"430\" src=\"https:\/\/www.nextmultimedio.com\/wp-content\/uploads\/2025\/04\/WhatsApp-Image-2025-03-31-at-10.20.53-AM-e1743428492623-700x430-1.jpeg\" alt=\"\" class=\"wp-image-10090\" srcset=\"https:\/\/www.nextmultimedio.com\/wp-content\/uploads\/2025\/04\/WhatsApp-Image-2025-03-31-at-10.20.53-AM-e1743428492623-700x430-1.jpeg 700w, https:\/\/www.nextmultimedio.com\/wp-content\/uploads\/2025\/04\/WhatsApp-Image-2025-03-31-at-10.20.53-AM-e1743428492623-700x430-1-300x184.jpeg 300w\" sizes=\"auto, (max-width: 700px) 100vw, 700px\" \/><\/figure>\n\n\n\n<p><strong><em>3<\/em>\u00ba Edici\u00f3n \u201cAutomoto Festival\u201d en la costanera<\/strong><\/p>\n\n\n\n<p>Villa Carlos Paz est\u00e1 siendo sede a partir de este viernes 4 hasta el domingo 6 de abril, la tercera expo fest aventura de motorhomes, autos y motos cl\u00e1sicos: el \u201cAutomoto Festival\u201d, una concentraci\u00f3n de los veh\u00edculos m\u00e1s vistosos de la historia automotriz y motocicl\u00edstica.<\/p>\n\n\n\n<p>El mismo se realiza en el sector de la costanera ubicado entre Gutemberg y Gobernador Ferreyra, de 9 a 20 horas.<\/p>\n\n\n\n<p>Est\u00e1n presentes clubes y coleccionistas particulares de Santa Fe, Bell Ville, San Francisco, C\u00f3rdoba y Buenos Aires, y autom\u00f3viles cl\u00e1sicos locales, con distintas novedades como autos el\u00e9ctricos y repuestos de modelos antiguos.<\/p>\n\n\n\n<p>La entrada a esta actividad, que cuenta con el apoyo de la Secretar\u00eda de Turismo e Innovaci\u00f3n, Cultura y Deportes, es libre y gratuita.<\/p>\n\n\n\n<p><a href=\"https:\/\/villacarlospaz.tur.ar\/#facebook\" rel=\"noreferrer noopener\" target=\"_blank\"><\/a><\/p>\n","protected":false},"excerpt":{"rendered":"<p>3\u00ba Edici\u00f3n \u201cAutomoto Festival\u201d en la costanera Villa Carlos Paz est\u00e1 siendo sede a partir de este viernes 4 hasta el domingo 6 de abril, la tercera expo fest aventura de motorhomes, autos y motos cl\u00e1sicos: el \u201cAutomoto Festival\u201d, una concentraci\u00f3n de los veh\u00edculos m\u00e1s vistosos de la historia automotriz y motocicl\u00edstica. El mismo se [&hellip;]<\/p>\n","protected":false},"author":1,"featured_media":10090,"comment_status":"closed","ping_status":"closed","sticky":false,"template":"","format":"standard","meta":{"footnotes":""},"categories":[69],"tags":[345],"class_list":["post-10089","post","type-post","status-publish","format-standard","has-post-thumbnail","hentry","category-noticias","tag-destacar"],"_links":{"self":[{"href":"https:\/\/www.nextmultimedio.com\/index.php?rest_route=\/wp\/v2\/posts\/10089","targetHints":{"allow":["GET"]}}],"collection":[{"href":"https:\/\/www.nextmultimedio.com\/index.php?rest_route=\/wp\/v2\/posts"}],"about":[{"href":"https:\/\/www.nextmultimedio.com\/index.php?rest_route=\/wp\/v2\/types\/post"}],"author":[{"embeddable":true,"href":"https:\/\/www.nextmultimedio.com\/index.php?rest_route=\/wp\/v2\/users\/1"}],"replies":[{"embeddable":true,"href":"https:\/\/www.nextmultimedio.com\/index.php?rest_route=%2Fwp%2Fv2%2Fcomments&post=10089"}],"version-history":[{"count":1,"href":"https:\/\/www.nextmultimedio.com\/index.php?rest_route=\/wp\/v2\/posts\/10089\/revisions"}],"predecessor-version":[{"id":10091,"href":"https:\/\/www.nextmultimedio.com\/index.php?rest_route=\/wp\/v2\/posts\/10089\/revisions\/10091"}],"wp:featuredmedia":[{"embeddable":true,"href":"https:\/\/www.nextmultimedio.com\/index.php?rest_route=\/wp\/v2\/media\/10090"}],"wp:attachment":[{"href":"https:\/\/www.nextmultimedio.com\/index.php?rest_route=%2Fwp%2Fv2%2Fmedia&parent=10089"}],"wp:term":[{"taxonomy":"category","embeddable":true,"href":"https:\/\/www.nextmultimedio.com\/index.php?rest_route=%2Fwp%2Fv2%2Fcategories&post=10089"},{"taxonomy":"post_tag","embeddable":true,"href":"https:\/\/www.nextmultimedio.com\/index.php?rest_route=%2Fwp%2Fv2%2Ftags&post=10089"}],"curies":[{"name":"wp","href":"https:\/\/api.w.org\/{rel}","templated":true}]}}