{"id":10087,"date":"2025-04-04T21:00:02","date_gmt":"2025-04-05T00:00:02","guid":{"rendered":"https:\/\/www.nextmultimedio.com\/?p=10087"},"modified":"2025-04-04T21:00:03","modified_gmt":"2025-04-05T00:00:03","slug":"semana-santa-en-carlos-pazel-municipio-presento-las-actividades-y-eventos","status":"publish","type":"post","link":"https:\/\/www.nextmultimedio.com\/?p=10087","title":{"rendered":"SEMANA SANTA EN CARLOS PAZ:EL MUNICIPIO PRESENT\u00d3 LAS ACTIVIDADES Y EVENTOS"},"content":{"rendered":"\n<p>El Gobierno de la Ciudad present\u00f3 hoy un completo programa de actividades para esta Semana Santa, con tres semanas de eventos culturales, deportivos y recreativos que comenzar\u00e1n el viernes 4 de abril culminando el domingo 27 del mismo mes, posicionando una vez m\u00e1s a Villa Carlos Paz como el principal destino tur\u00edstico para la familia argentina.<\/p>\n\n\n\n<p>El programa completo de actividades es el siguiente:<\/p>\n\n\n\n<p>Viernes 4 de abril:<\/p>\n\n\n\n<p>10 hs. Congreso Nacional de Mami Hockey. Hotel Eleton.<\/p>\n\n\n\n<p>S\u00e1bado 5 de abril:<\/p>\n\n\n\n<p>9 a 20 hs.: \u201cAuto Moto Festival\u201d. Exposici\u00f3n de motorhome, autos y motos cl\u00e1sicas. Costanera entre Artigas y Gobernador Ferreyra.<\/p>\n\n\n\n<p>10 hs. Congreso Nacional de Mami Hockey. Hotel Eleton.<\/p>\n\n\n\n<p>14 hs.: Campeonato Apertura de vela clase J24. Club Na\u00fatico C\u00f3rdoba.<\/p>\n\n\n\n<p>18 hs.: Presentaci\u00f3n Orquesta Filarm\u00f3nica de Cota (Colombia). Puente Centenario.<\/p>\n\n\n\n<p>18 hs.: Visitas guiadas nocturnas al cerro La Cruz. Base del cerro.<\/p>\n\n\n\n<p>Domingo 6 de abril:<\/p>\n\n\n\n<p>9 a 20 hs.: \u201cAuto Moto Festival\u201d. Exposici\u00f3n de motorhome, autos y motos cl\u00e1sicas. Costanera entre Artigas y Gobernador Ferreyra.<\/p>\n\n\n\n<p>11 hs.: Campeonato Apertura de vela clase J24. Club Na\u00fatico C\u00f3rdoba.<\/p>\n\n\n\n<p>15 hs.: 90\u00ba Aniversario del cerro La Cruz:<\/p>\n\n\n\n<p>Bendici\u00f3n religiosa.<\/p>\n\n\n\n<p>Acto protocolar.<\/p>\n\n\n\n<p>Presentaci\u00f3n Ensamble musical.<\/p>\n\n\n\n<p>Muestra fotogr\u00e1fica. Cerro La Cruz.<\/p>\n\n\n\n<p>19:30 hs. Competencia de freestyle. Finales Big Level. Skatepark.<\/p>\n\n\n\n<p>Jueves 10 de abril:<\/p>\n\n\n\n<p>15:30 hs. Trekking recreativo. Cerro La Cruz.<\/p>\n\n\n\n<p>Viernes 11 de abril:<\/p>\n\n\n\n<p>19:30 hs.: 60\u00ba Aniversario Primer V\u00eda Crucis. Procesi\u00f3n desde Monolito Hist\u00f3rico hasta Iglesia Nuestra Se\u00f1ora del Carmen.<\/p>\n\n\n\n<p>Muestra fotogr\u00e1fica. Iglesia Nuestra Se\u00f1ora del Carmen.<\/p>\n\n\n\n<p>20 hs: Celebraci\u00f3n Misa con Ave Mar\u00eda en vivo. Iglesia Nuestra Se\u00f1ora del Carmen.<\/p>\n\n\n\n<p>S\u00e1bado 12 de abril:<\/p>\n\n\n\n<p>9 a 0 hs. Torneo Internacional de Kick Boxing y MMA. Keops disco.<\/p>\n\n\n\n<p>20 hs. Misa con bendici\u00f3n. Iglesia Nuestra Se\u00f1ora del Carmen.<\/p>\n\n\n\n<p>Domingo 13 de abril.<\/p>\n\n\n\n<p>10:30 hs.: Bendici\u00f3n en Plaza del Fundador.<\/p>\n\n\n\n<p>11 hs. Misa de Ramos. Iglesia Nuestra Se\u00f1ora del Carmen.<\/p>\n\n\n\n<p>Jueves 17 de abril:<\/p>\n\n\n\n<p>10:30 hs. Circuito religioso desde Parque estancia la Quinta, Virgen Blanca y Cruz de Palo.<\/p>\n\n\n\n<p>20 hs.: Misa cena del se\u00f1or y lavatorio de los pies. Iglesia Nuestra Se\u00f1ora del Carmen.<\/p>\n\n\n\n<p>20:30 hs. Presentaci\u00f3n Ensamble Folkl\u00f3rico y muestra fotogr\u00e1fica. Puente Centenario.<\/p>\n\n\n\n<p>21 hs.: Astroturismo. Aula Ambiental (Los Cerros esquina Rep\u00fablica Argentina).<\/p>\n\n\n\n<p>Jueves 17 al domingo 20 de abril:<\/p>\n\n\n\n<p>Feria de artesanos. Alem y Las Heras y costanera y puente Centenario.<\/p>\n\n\n\n<p>Viernes 18 de abril:<\/p>\n\n\n\n<p>9:15 hs.: Oficio de lecturas en el templo de la Parroquia Nuestra Se\u00f1ora del Carmen.<\/p>\n\n\n\n<p>10 hs.: V\u00eda Crucis. Procesi\u00f3n en el cerro La Cruz. Salida desde la base del cerro.<\/p>\n\n\n\n<p>12 hs. Feria gastron\u00f3mica y cultural itinerante Gust.ar. Play\u00f3n Municipal.<\/p>\n\n\n\n<p>18 hs.: Celebraci\u00f3n y adoraci\u00f3n de la Pasi\u00f3n. Iglesia Nuestra Se\u00f1ora del Carmen.<\/p>\n\n\n\n<p>19:30 hs. V\u00eda Crucis por las calles de la ciudad. Iglesia Nuestra Se\u00f1ora del Carmen.<\/p>\n\n\n\n<p>20:30 hs. Presentaci\u00f3n Espect\u00e1culo Rockabilly. Puente Centenario.<\/p>\n\n\n\n<p>S\u00e1bado 19 de abril:<\/p>\n\n\n\n<p>12 hs. Feria gastron\u00f3mica y cultural itinerante Gust.ar. Play\u00f3n Municipal.<\/p>\n\n\n\n<p>20: hs.: Misa Criolla con artistas invitados. Orgaz y 9 de julio.<\/p>\n\n\n\n<p>20:30 hs.: Vigilia Pascual. Iglesia nuestra Se\u00f1ora del Carmen.<\/p>\n\n\n\n<p>Domingo 20 de Abril:<\/p>\n\n\n\n<p>11 hs.: Misa de Pascua. Jardines Municipales.<\/p>\n\n\n\n<p>17 hs.: Celebraci\u00f3n \u201cDomingo de resurrecci\u00f3n\u201d junto a las iglesias evang\u00e9licas de la ciudad. Jardines Municipales.<\/p>\n\n\n\n<p>Jueves 24 al domingo 27 de abril:<\/p>\n\n\n\n<p>10 hs: Campeonato Sudamericano de Windsurf. Clase Raceboard. Club Na\u00fatico C\u00f3rdoba. Lago San Roque.<\/p>\n\n\n\n<p>Viernes 25 de abril:<\/p>\n\n\n\n<p>18 hs.: Presentaci\u00f3n Programaci\u00f3n Streaming Suena la F\u00e1brica en la Casa de la Juventud.<\/p>\n\n\n\n<p>S\u00e1bado 26 de abril:<\/p>\n\n\n\n<p>18 hs. Parque de Asistencia. Recital gratuito de Luck Ra y bandas soporte.<\/p>\n\n\n\n<p>Recital gratuito de Luck Ra el s\u00e1bado 26 de abril<\/p>\n\n\n\n<p>La Municipalidad de Villa Carlos Paz y Coca Cola Argentina presentar\u00e1n el pr\u00f3ximo s\u00e1bado 26 de abril desde las 18 hs. en el Parque de Asistencia del Rally Mundial en la Costa del Lago de nuestra ciudad, el recital del reconocido cantante cordob\u00e9s Luck Ra que debi\u00f3 suspenderse en enero pasado por las condiciones clim\u00e1ticas.<\/p>\n\n\n\n<p>Como es habitual, Villa Carlos Paz como Destino Internacional contin\u00faa con actividades gratuitas que permiten que todos tengan acceso a espect\u00e1culos musicales internacionales que posicionan a la ciudad como destino tur\u00edstico l\u00edder en el pa\u00eds.<\/p>\n\n\n\n<p>Malparidas, Barrio Mambo y Jolgorio ser\u00e1n las bandas soporte<\/p>\n\n\n\n<p>Como parte de la programaci\u00f3n que el pr\u00f3ximo s\u00e1bado 26 de abril subir\u00e1n al escenario principal en la costanera de la ciudad, previo a la presentaci\u00f3n del reconocido artista Luck Ra; los grupos \u201cMalparidas\u201d, \u201cBarrio Mambo\u201d y \u201cJolgorio\u201d se presentar\u00e1n en el predio desde las 18 hs.<\/p>\n\n\n\n<p>Estas agrupaciones formar\u00e1n parte del programa art\u00edstico que presenta el ciclo \u201cCoke Studio\u201d con el cierre, desde las 21 hs., a cargo de Luck Ra.<\/p>\n\n\n\n<p>La entrada para vecinos y turistas es libre y gratuita. En el marco del operativo de seguridad, durante la realizaci\u00f3n del evento estar\u00e1 prohibido el ingreso al predio de bebidas alcoh\u00f3licas.<\/p>\n\n\n\n<p>Importante cartelera teatral<\/p>\n\n\n\n<p>Villa Carlos Paz se prepara con una oferta amplia para un cl\u00e1sico en el calendario tur\u00edstico de la ciudad: Semana Santa, del mi\u00e9rcoles 16 al domingo 20 de abril.<\/p>\n\n\n\n<p>En este sentido, contin\u00faan incorpor\u00e1ndose nuevos espect\u00e1culos a la grilla teatral que ya suma varios espect\u00e1culos de primer nivel.<\/p>\n\n\n\n<p>A las actividades religiosas, culturales y recreativas al aire libre se sumar\u00e1n los siguientes espect\u00e1culos confirmados hasta el momento:<\/p>\n\n\n\n<p>Teatro Luxor (Av. Libertad): \u201cGordillo 20 a\u00f1os+1\u201d. Espect\u00e1culo con Miguel Mart\u00edn y Za\u00fal Showman. Jueves 17 al s\u00e1bado 19 de abril.<\/p>\n\n\n\n<p>Presentaci\u00f3n en vivo de La Konga. Domingo 20 de abril. 21 hs.<\/p>\n\n\n\n<p>Teatro del Lago (Belgrano 81): \u201cPalabra plena\u201d. Espect\u00e1culo del psicoanalista Gabriel Rol\u00f3n. Viernes 18 de abril. 21:30 hs.<\/p>\n\n\n\n<p>Teatro Candilejas II (Pasaje Nin\u00ed Marshall s\/n): \u201c\u00a1Suspendan la boda!\u201d. Espect\u00e1culo con Nazarena V\u00e9lez, Barbie V\u00e9lez, Santiago Cama\u00f1o y Facundo Gamband\u00e9.<\/p>\n\n\n\n<p>Teatro Holiday I (9 de Julio 53. Planta alta): \u201c\u00c9pico Magic Dreams\u201d. Show con el mago Matus y Willy Magia. Mi\u00e9rcoles 16 al domingo 20 de abril.<\/p>\n\n\n\n<p>Teatro Wo (9 de julio 70): \u201cMestiza\u201d. Show de flamenco con Mariana Clemens\u00f3 y Vico Zapata.<\/p>\n\n\n\n<p>Teatro Libertad (Libertad 60): \u201cEl aut\u00e9ntico Pirulo\u201d. Espect\u00e1culo de Mauro Villaverde, Gerardo Coniglio y elenco. Viernes 18 y s\u00e1bado 19 de abril.<\/p>\n\n\n\n<p>\u201cTrum\u201d. Show musical con Malambo, tango, humor y numerosos artistas en escena. Jueves 17 al domingo 20 de abril.<\/p>\n\n\n\n<p>Teatro del Sol I (General Paz 250): \u201cExperiencia Gutmann Dalia\u201d. Show de stand up con la humorista Dalia Gutmann. S\u00e1bado 19 de abril. 21:30 hs.<\/p>\n\n\n\n<p>Todos los paseos de la villa<\/p>\n\n\n\n<p>para Semana Santa<\/p>\n\n\n\n<p>Parque Estancia La Quinta<\/p>\n\n\n\n<p>y circuito de turismo religioso<\/p>\n\n\n\n<p>Otro atractivo tur\u00edstico que se suma a la oferta que Carlos Paz dispuso para esta Semana Santa es el Parque Estancia La Quinta, un predio ubicado en barrio La Quinta (cercano al balneario El Fantasio), donde se revaloriz\u00f3 el patrimonio cultural y legado de los jesuitas y donde diariamente el visitante puede recorrer parte de la obra realizada por esta congregaci\u00f3n, con visitas guiadas gratuitas a las 10 y 14:30 hs., disfrutando tambi\u00e9n de actividades al aire libre.<\/p>\n\n\n\n<p>Este paseo se completa adem\u00e1s con un nuevo circuito de turismo religioso en barrio La Quinta conformado por la Virgen Blanca, la Cruz de Palo, y la Gruta de Lourdes, entre sus puntos m\u00e1s representativos.<\/p>\n\n\n\n<p>Este circuito va a permitir a los turistas poder visitar y conocer la historia de la ciudad, difundiendo la identidad local. Adem\u00e1s podr\u00e1n saber, de primera mano, el legado jesuita en Carlos Paz.<\/p>\n\n\n\n<p>El legado jesuita<\/p>\n\n\n\n<p>El 17 de diciembre de 1906 Do\u00f1a Eugenia Gasta\u00f1aga dona a la Compa\u00f1\u00eda de Jes\u00fas La Estancia \u201cLa Quinta\u201d que se constituy\u00f3 en una porci\u00f3n de la hist\u00f3rica Estancia de San Roque.<\/p>\n\n\n\n<p>Los padres jesuitas tomaron posesi\u00f3n de la Estancia e impulsan, a partir de 1918, su desarrollo como unidad econ\u00f3mica y religiosa.<\/p>\n\n\n\n<p>Con posterioridad, el padre Juan Cherta dar\u00e1 lugar al nombre de \u201cQuinta del Ni\u00f1o Dios\u201d, actualmente denominada Parque Estancia La Quinta.<\/p>\n\n\n\n<p>El lugar, adem\u00e1s, fue usado como espacio de retiro, meditaci\u00f3n y posteriormente de estudio. Entre sus visitantes ilustres estuvo Jorge Mario Bergoglio, actualmente Papa Francisco.<\/p>\n\n\n\n<p>El predio cuenta con cinco hect\u00e1reas de especies arb\u00f3reas (cedros, cipreses y pinos) plantadas por los jesuitas y otras congregaciones; y vegetaci\u00f3n t\u00edpica del bosque serrano como algarrobos, cha\u00f1ares, talas y espinillos que se pueden reconocer a trav\u00e9s de senderos de interpretaci\u00f3n.<\/p>\n\n\n\n<p>3 postas del circuito religioso<\/p>\n\n\n\n<p>Este paseo se completa adem\u00e1s con un nuevo circuito de turismo religioso en barrio La Quinta conformado por la Iglesia del Ni\u00f1o Dios (construida en 1915 con piedras talladas por trabajadores locales y llamativos vitrales del 1933), la Virgen Blanca (erigida en 1945), la Cruz de Palo (anterior a los jesuitas ya que data del a\u00f1o 1900) y la Gruta de la Virgen de Lourdes (construida por la Compa\u00f1\u00eda de Jes\u00fas en 1915), entre sus puntos m\u00e1s representativos.<\/p>\n\n\n\n<p>Este circuito permite a los turistas visitar y conocer la historia de la ciudad, difundiendo la identidad local.<\/p>\n\n\n\n<p>Ascenso al cerro La Cruz: el cl\u00e1sico de Semana Santa<\/p>\n\n\n\n<p>A estas interesantes opciones se suma uno de los recorridos m\u00e1s elegidos por los turistas y vecinos en Semana Santa: el cerro La Cruz.<\/p>\n\n\n\n<p>Este paseo hist\u00f3rico inaugurado en el a\u00f1o 1934 constituye una excelente opci\u00f3n para vecinos y visitantes por la conexi\u00f3n entre naturaleza y espiritualidad.<\/p>\n\n\n\n<p>Su encanto no se limita a lo religioso sino tambi\u00e9n a los miles de turistas que disfrutan del imponente paisaje que se observa desde La Cruz.<\/p>\n\n\n\n<p>El recorrido cuenta con nuevos miradores, se\u00f1alizaci\u00f3n, carteler\u00eda espec\u00edfica e instalaci\u00f3n de cestos en todo el paseo.<\/p>\n\n\n\n<p>Cabe destacar que el viernes santo desde las 10 hs. se llevar\u00e1 a cabo el tradicional V\u00eda Crucis partiendo desde la base del cerro.<\/p>\n\n\n\n<p>Parque Nacional Quebrada del Condorito<\/p>\n\n\n\n<p>Una caminata para ver al rey de las alturas<\/p>\n\n\n\n<p>Las sierras grandes, la Pampa de Achala y el Parque Nacional Quebrada del Condorito permiten realizar variados circuitos de trekking. En ellos podremos observar una quebrada de 800 metros de profundidad por donde corre el r\u00edo de los Condoritos como as\u00ed tambi\u00e9n la flora y la fauna aut\u00f3ctona, en algunos casos end\u00e9micas (\u00fanicas en el mundo) como el zorro colorado o el vistoso lagarto verde de Achala.<\/p>\n\n\n\n<p>La observaci\u00f3n de un c\u00f3ndor en su distribuci\u00f3n m\u00e1s oriental permitir\u00e1 al espectador poder volar con su imaginaci\u00f3n como acompa\u00f1ando al rey de nuestro cielo, que con sus alas abiertas alcanzan casi tres metros de largo.<\/p>\n\n\n\n<p>Circuito Gastron\u00f3mico en la Costanera<\/p>\n\n\n\n<p>La costanera de Villa Carlos Paz ya es un cl\u00e1sico de la ciudad que, durante los \u00faltimos a\u00f1os y de la mano de importantes inversiones del \u00e1mbito privado, se transform\u00f3 en una visita obligada para quienes disfrutan de la gastronom\u00eda de C\u00f3rdoba en sus diferentes opciones.<\/p>\n\n\n\n<p>El recorrido por este verdadero \u201cpolo gastron\u00f3mico\u201d comienza en el puente Uruguay, a metros de la Municipalidad y se extiende por los 5 kil\u00f3metros que bordean el lago San Roque hasta la rotonda del monumento al General Juan Bautista Bustos con opciones gastron\u00f3micas de primer nivel para los visitantes que deseen sentarte a desayunar, almorzar, merendar o cenar con una vista inigualable.<\/p>\n\n\n\n<p>ACTIVIDADES DE ESTE FIN DE SEMANA:<\/p>\n\n\n\n<p>Se conmemora el 90\u00ba aniversario del cerro La Cruz<\/p>\n\n\n\n<p>En el marco de las actividades programadas para Semana Santa, este domingo 6 de abril a las 15 hs. se llevar\u00e1 a cabo, en la cima del Cerro La Cruz, una serie de actividades conmemorativas del 90\u00ba Aniversario de este tradicional paseo.<\/p>\n\n\n\n<p>La jornada comenzar\u00e1 con la inauguraci\u00f3n de una muestra fotogr\u00e1fica acerca del cerro La Cruz, con su historia y desarrollo posterior, que estar\u00e1 instalada en la base del cerro.<\/p>\n\n\n\n<p>Desde las 13:30 hs. se iniciar\u00e1 el ascenso para todos aquellos interesados en formar parte de la bendici\u00f3n religiosa, acto protocolar y ensamble musical que tendr\u00e1 lugar en la cumbre del cerro, desde las 15 hs., con la presencia de autoridades municipales, invitados y vecinos de la ciudad.<\/p>\n\n\n\n<p>Su historia<\/p>\n\n\n\n<p>El 6 de abril de 1935 se inaugura el monumento a La Cruz, la obra se lleva a cabo con el apoyo de la Comisi\u00f3n de vecinos de Villa del Lago, Villa Suiza, Villa Carlos Paz y Villa Independencia encabezados por el Arquitecto Arrambide.<\/p>\n\n\n\n<p>Los terrenos para el sendero y la plazoleta de acceso son donados por Margarita Avanzato de Paz. Las obras en lo alto del cerro son encargadas a Raimundo Pedernera y su grupo de obreros quienes deben transportar a lo alto del cerro todos los materiales y el agua mediante mulas y el t\u00edpico burrito serrano.<\/p>\n\n\n\n<p>El acto de inauguraci\u00f3n es encabezado por el Obispo Ferreyra de La Rioja quien en procesi\u00f3n llega a lo alto del cerro de 1000 msnm., y a unos 300 del nivel del pueblo dejando habilitado el monumento de 15 metros de altura. La imponente cruz blanca cuenta con una inscripci\u00f3n en lat\u00edn: \u201cChristus Vivit Regnat et Imperat\u201d, que significa \u201cCristo vive, reina e impera\u201d.<\/p>\n\n\n\n<p>En 1965 la plazoleta de acceso al sendero es ocupada por las actuales escuelas parroquiales IRESM e IICO previa autorizaci\u00f3n de herederos de la familia Paz.<\/p>\n\n\n\n<p>El cerro de La Cruz es el pico m\u00e1s alto de Villa Carlos Paz. Posee una altura de 1000 metros y su f\u00e1cil acceso lo transform\u00f3 en un hermoso atractivo. El acceso<\/p>\n\n\n\n<p>es libre y gratuito.<\/p>\n\n\n\n<p>Orquesta Filarm\u00f3nica de Colombia gratis en la ciudad<\/p>\n\n\n\n<p>En el marco de la gira nacional \u201cla m\u00fasica nos une\u201d, la Orquesta Filarm\u00f3nica de Cota (Cundinamarca. Colombia) bajo la direcci\u00f3n del maestro Jes\u00fas Romero, brindar\u00e1 un concierto en la ciudad.<\/p>\n\n\n\n<p>El s\u00e1bado 5 de abril, a las 18 hs., en el Puente Centenario brindar\u00e1n un concierto a cielo abierto para vecinos y turistas.<\/p>\n\n\n\n<p>La entrada a cada una de estas presentaciones, es libre y gratuita, y cuenta con el apoyo de la Secretar\u00eda de Turismo e Innovaci\u00f3n, Cultura y Deportes y VSD eventos.<\/p>\n\n\n\n<p>2\u00b0 Fecha Campeonato Apertura de Vela Clase J24<\/p>\n\n\n\n<p>El lago San Roque de la ciudad ser\u00e1 sede este s\u00e1bado 5 y domingo 6 de abril de la 2\u00ba fecha del Campeonato Apertura 2025 de vela clase J24 con sede en el Club Na\u00fatico C\u00f3rdoba.<\/p>\n\n\n\n<p>El evento, que comenzar\u00e1 a las 14 hs. el s\u00e1bado y a las 11 hs. el d\u00eda domingo, es organizado por el Club N\u00e1utico C\u00f3rdoba y contar\u00e1 con veleros de toda la provincia en las diez regatas a disputarse.<\/p>\n\n\n\n<p>La flota m\u00e1s importante y numerosa de Sudam\u00e9rica se encuentra en nuestra ciudad en forma permanente por lo que se confirmar\u00e1n nuevas competencias para los pr\u00f3ximos meses.<\/p>\n\n\n\n<p><a href=\"https:\/\/www.facebook.com\/photo\/?fbid=1222372513227256&amp;set=pcb.1222372773227230&amp;__cft__[0]=AZXqQ-d2Tx6Z_M7nuu491lMTDWfGHu7rxizwsPcbkvj6UPnzLhJs5yvHCu_P7NEy5B4L2blMoyjuq4itqvUfaZNe8VmYvQY3newNwEm-Fhf-kdYxt6R97tW8eLS8_TeNphqLhmTENMrp6JY1CRtg_XUv-bcjlx4DHuLTR8d39tqdMpeLsZk7jKkfwxjdDpfuBc0&amp;__tn__=*b0H-R\"><\/a><\/p>\n\n\n\n<figure class=\"wp-block-image\"><a href=\"https:\/\/www.facebook.com\/photo\/?fbid=1222372513227256&amp;set=pcb.1222372773227230&amp;__cft__[0]=AZXqQ-d2Tx6Z_M7nuu491lMTDWfGHu7rxizwsPcbkvj6UPnzLhJs5yvHCu_P7NEy5B4L2blMoyjuq4itqvUfaZNe8VmYvQY3newNwEm-Fhf-kdYxt6R97tW8eLS8_TeNphqLhmTENMrp6JY1CRtg_XUv-bcjlx4DHuLTR8d39tqdMpeLsZk7jKkfwxjdDpfuBc0&amp;__tn__=*b0H-R\"><img decoding=\"async\" src=\"https:\/\/scontent.fcor10-3.fna.fbcdn.net\/v\/t39.30808-6\/488181202_1222372519893922_7352112858938174153_n.jpg?stp=dst-jpg_s600x600_tt6&amp;_nc_cat=100&amp;ccb=1-7&amp;_nc_sid=127cfc&amp;_nc_eui2=AeFSVUzksgWRVBzNdFjP4_QhXoOHVXccJNVeg4dVdxwk1fveWWGTHfcvtJ3IF4_XH1g&amp;_nc_ohc=uxCYqIDes6kQ7kNvwGMiZjF&amp;_nc_oc=AdmRTDx_0BU1d4AtTEndkvwyY1rCPjD6Nyk0r-9B5uvyWpiG0WXKRLVYkBAP6zhTfGs&amp;_nc_zt=23&amp;_nc_ht=scontent.fcor10-3.fna&amp;_nc_gid=gxLBH9NcpCWAlAMG5LhkNQ&amp;oh=00_AYF0C42-Su6jmSSVVPGxfIRnRbyblmtixUamdJ-ybuGvXw&amp;oe=67F62C9C\" alt=\"\"\/><\/a><\/figure>\n\n\n\n<p><a href=\"https:\/\/www.facebook.com\/photo\/?fbid=1222372529893921&amp;set=pcb.1222372773227230&amp;__cft__[0]=AZXqQ-d2Tx6Z_M7nuu491lMTDWfGHu7rxizwsPcbkvj6UPnzLhJs5yvHCu_P7NEy5B4L2blMoyjuq4itqvUfaZNe8VmYvQY3newNwEm-Fhf-kdYxt6R97tW8eLS8_TeNphqLhmTENMrp6JY1CRtg_XUv-bcjlx4DHuLTR8d39tqdMpeLsZk7jKkfwxjdDpfuBc0&amp;__tn__=*b1H-R\"><\/a><\/p>\n\n\n\n<figure class=\"wp-block-image\"><a href=\"https:\/\/www.facebook.com\/photo\/?fbid=1222372529893921&amp;set=pcb.1222372773227230&amp;__cft__[0]=AZXqQ-d2Tx6Z_M7nuu491lMTDWfGHu7rxizwsPcbkvj6UPnzLhJs5yvHCu_P7NEy5B4L2blMoyjuq4itqvUfaZNe8VmYvQY3newNwEm-Fhf-kdYxt6R97tW8eLS8_TeNphqLhmTENMrp6JY1CRtg_XUv-bcjlx4DHuLTR8d39tqdMpeLsZk7jKkfwxjdDpfuBc0&amp;__tn__=*b1H-R\"><img decoding=\"async\" src=\"https:\/\/scontent.fcor10-3.fna.fbcdn.net\/v\/t39.30808-6\/487992281_1222372536560587_2409416878741999224_n.jpg?stp=dst-jpg_s600x600_tt6&amp;_nc_cat=109&amp;ccb=1-7&amp;_nc_sid=127cfc&amp;_nc_eui2=AeEGirBwalUYPgFhBeZ5aCTmynAsAS3L4FPKcCwBLcvgU73Ujgpq8KlIaPjCkKSRKCE&amp;_nc_ohc=zPEpnWNR22kQ7kNvwFQzlw4&amp;_nc_oc=AdnID-xMal0U8gPxQ_FhiP3d09WSJkkBIry0z26_CVnuYw0L23kgUxXd_so71cvA4bk&amp;_nc_zt=23&amp;_nc_ht=scontent.fcor10-3.fna&amp;_nc_gid=gxLBH9NcpCWAlAMG5LhkNQ&amp;oh=00_AYEFl6A6JarHXuwPV1P-O8ec01iw3S9IjtEYgIoYxt2zHQ&amp;oe=67F65DD5\" alt=\"\"\/><\/a><\/figure>\n","protected":false},"excerpt":{"rendered":"<p>El Gobierno de la Ciudad present\u00f3 hoy un completo programa de actividades para esta Semana Santa, con tres semanas de eventos culturales, deportivos y recreativos que comenzar\u00e1n el viernes 4 de abril culminando el domingo 27 del mismo mes, posicionando una vez m\u00e1s a Villa Carlos Paz como el principal destino tur\u00edstico para la familia [&hellip;]<\/p>\n","protected":false},"author":1,"featured_media":9815,"comment_status":"closed","ping_status":"closed","sticky":false,"template":"","format":"standard","meta":{"footnotes":""},"categories":[69],"tags":[345],"class_list":["post-10087","post","type-post","status-publish","format-standard","has-post-thumbnail","hentry","category-noticias","tag-destacar"],"_links":{"self":[{"href":"https:\/\/www.nextmultimedio.com\/index.php?rest_route=\/wp\/v2\/posts\/10087","targetHints":{"allow":["GET"]}}],"collection":[{"href":"https:\/\/www.nextmultimedio.com\/index.php?rest_route=\/wp\/v2\/posts"}],"about":[{"href":"https:\/\/www.nextmultimedio.com\/index.php?rest_route=\/wp\/v2\/types\/post"}],"author":[{"embeddable":true,"href":"https:\/\/www.nextmultimedio.com\/index.php?rest_route=\/wp\/v2\/users\/1"}],"replies":[{"embeddable":true,"href":"https:\/\/www.nextmultimedio.com\/index.php?rest_route=%2Fwp%2Fv2%2Fcomments&post=10087"}],"version-history":[{"count":1,"href":"https:\/\/www.nextmultimedio.com\/index.php?rest_route=\/wp\/v2\/posts\/10087\/revisions"}],"predecessor-version":[{"id":10088,"href":"https:\/\/www.nextmultimedio.com\/index.php?rest_route=\/wp\/v2\/posts\/10087\/revisions\/10088"}],"wp:featuredmedia":[{"embeddable":true,"href":"https:\/\/www.nextmultimedio.com\/index.php?rest_route=\/wp\/v2\/media\/9815"}],"wp:attachment":[{"href":"https:\/\/www.nextmultimedio.com\/index.php?rest_route=%2Fwp%2Fv2%2Fmedia&parent=10087"}],"wp:term":[{"taxonomy":"category","embeddable":true,"href":"https:\/\/www.nextmultimedio.com\/index.php?rest_route=%2Fwp%2Fv2%2Fcategories&post=10087"},{"taxonomy":"post_tag","embeddable":true,"href":"https:\/\/www.nextmultimedio.com\/index.php?rest_route=%2Fwp%2Fv2%2Ftags&post=10087"}],"curies":[{"name":"wp","href":"https:\/\/api.w.org\/{rel}","templated":true}]}}