{"id":10077,"date":"2025-04-03T20:55:45","date_gmt":"2025-04-03T23:55:45","guid":{"rendered":"https:\/\/www.nextmultimedio.com\/?p=10077"},"modified":"2025-04-03T20:55:45","modified_gmt":"2025-04-03T23:55:45","slug":"asi-fueron-los-homenajes-por-el-dia-del-veterano-y-los-caidos-en-malvinas","status":"publish","type":"post","link":"https:\/\/www.nextmultimedio.com\/?p=10077","title":{"rendered":"AS\u00cd FUERON LOS HOMENAJES POR EL DIA DEL VETERANO Y LOS CA\u00cdDOS EN MALVINAS"},"content":{"rendered":"\n<figure class=\"wp-block-image size-large\"><img loading=\"lazy\" decoding=\"async\" width=\"1024\" height=\"683\" src=\"https:\/\/www.nextmultimedio.com\/wp-content\/uploads\/2025\/04\/487807663_18294350311243999_2839101506369269689_n-1-1024x683.jpg\" alt=\"\" class=\"wp-image-10078\" srcset=\"https:\/\/www.nextmultimedio.com\/wp-content\/uploads\/2025\/04\/487807663_18294350311243999_2839101506369269689_n-1-1024x683.jpg 1024w, https:\/\/www.nextmultimedio.com\/wp-content\/uploads\/2025\/04\/487807663_18294350311243999_2839101506369269689_n-1-300x200.jpg 300w, https:\/\/www.nextmultimedio.com\/wp-content\/uploads\/2025\/04\/487807663_18294350311243999_2839101506369269689_n-1-768x512.jpg 768w, https:\/\/www.nextmultimedio.com\/wp-content\/uploads\/2025\/04\/487807663_18294350311243999_2839101506369269689_n-1.jpg 1440w\" sizes=\"auto, (max-width: 1024px) 100vw, 1024px\" \/><\/figure>\n\n\n\n<p>Este mi\u00e9rcoles 2 de abril, se realiz\u00f3 el acto por el D\u00eda del Veterano y de los Ca\u00eddos en la Guerra de Malvinas, donde se recuerda y homenajea a quienes dieron la vida defendiendo la soberan\u00eda sobre las Islas Malvinas.<\/p>\n\n\n\n<p>La <a><\/a>actividad comenz\u00f3 con la Vigilia en las primeras horas del mi\u00e9rcoles y continu\u00f3 en la ma\u00f1ana del 2 de abril en la Plaza del CAS, donde con la presencia del Intendente Esteban Avil\u00e9s, las fuerzas vivas y alumnos de las instituciones educativas, se procedi\u00f3 a la lectura de algunas reflexiones alusivas a la fecha conmemorativa. Tras ello, en procesi\u00f3n por las calles de la ciudad, el acto se traslad\u00f3 hacia la Plaza Casado, lugar donde los veteranos de Malvinas pudieron brindar un emotivo mensaje para los presentes.<\/p>\n\n\n\n<p>Los Veteranos de Malvinas estuvieron acompa\u00f1ados de familiares y vecinos en general, que fueron parte de todas las actividades y recorrieron las calles de la ciudad junto a nuestros h\u00e9roes.<\/p>\n\n\n\n<p>El Intendente Esteban Avil\u00e9s, destac\u00f3: \u201cEn este d\u00eda tan importante para todos los argentinos, queremos una vez m\u00e1s revalorizar y homenajear a nuestros h\u00e9roes de Malvinas. En Villa Carlos Paz tienen un lugar fundamental en cada una de las actividades que se realizan, con un protagonismo que se merecen porque son h\u00e9roes de nuestra historia y lucharon por nuestra patria. Tienen solidaridad, son muy amables con la familia carlospacense y a los m\u00e1s chicos les transmiten todos sus valores en cada uno de los actos o en las visitas a las escuelas. Es un d\u00eda para reflexionar y destacar a los veteranos y ca\u00eddos en Malvinas\u201d.<\/p>\n\n\n\n<p>\u201cDesde la ciudad se va a continuar trabajando para que tengan el lugar que se merecen, de visibilidad y tambi\u00e9n de reconocimiento en todas las actividades que se llevan adelante, son parte de la construcci\u00f3n de nuestra ciudad\u201d, complet\u00f3.<\/p>\n\n\n\n<p><a href=\"https:\/\/www.facebook.com\/photo\/?fbid=1221146976683143&amp;set=pcb.1221147006683140&amp;__cft__[0]=AZUEs0J4aQ8n6BdHfiPhF8kJGQzUHzdkyUEzh9g5ypPDQJ9ke8rq4M9FR5pgeBWzwZIb1dOXPjqMPSolFJqMWJQ6M753G70pjV8NYalFTnC-xFq5VScK11CWUcQXHoHrjQ1wQ2iVYRAL-iVJ0AaCuwUfIvDxVEC6Wk59Z6IpGefBEFYQFGeUNHoy0eJMDj91P6o&amp;__tn__=*b0H-R\"><\/a><\/p>\n\n\n\n<figure class=\"wp-block-image\"><a href=\"https:\/\/www.facebook.com\/photo\/?fbid=1221146976683143&amp;set=pcb.1221147006683140&amp;__cft__[0]=AZUEs0J4aQ8n6BdHfiPhF8kJGQzUHzdkyUEzh9g5ypPDQJ9ke8rq4M9FR5pgeBWzwZIb1dOXPjqMPSolFJqMWJQ6M753G70pjV8NYalFTnC-xFq5VScK11CWUcQXHoHrjQ1wQ2iVYRAL-iVJ0AaCuwUfIvDxVEC6Wk59Z6IpGefBEFYQFGeUNHoy0eJMDj91P6o&amp;__tn__=*b0H-R\"><img decoding=\"async\" src=\"https:\/\/scontent.fcor10-3.fna.fbcdn.net\/v\/t51.75761-15\/488240105_18294350260243999_6288574598427880763_n.jpg?stp=dst-jpg_p526x395_tt6&amp;_nc_cat=108&amp;ccb=1-7&amp;_nc_sid=127cfc&amp;_nc_eui2=AeErt69Ul0ttXSFvAbED3teVAYBxcry5mOkBgHFyvLmY6ZI-aOViZxXXKluklaK0uGg&amp;_nc_ohc=sQJ3sRF-VMoQ7kNvwHoaXIj&amp;_nc_oc=AdmP8EQO5ILnMMv7Tne5Lvo66IX_RMsXS4TrniFmnY6xNtAzgz_LepM543ht_La-BWo&amp;_nc_zt=23&amp;_nc_ht=scontent.fcor10-3.fna&amp;_nc_gid=N95Xi2hx2C3DMUuMgRcdNg&amp;oh=00_AYGOU6pd5GfFfjDTrpaUfIvhAAm5gFAIH8cE3QCJCEgxAQ&amp;oe=67F4EB3A\" alt=\"\"\/><\/a><\/figure>\n\n\n\n<p><a href=\"https:\/\/www.facebook.com\/photo\/?fbid=1221146963349811&amp;set=pcb.1221147006683140&amp;__cft__[0]=AZUEs0J4aQ8n6BdHfiPhF8kJGQzUHzdkyUEzh9g5ypPDQJ9ke8rq4M9FR5pgeBWzwZIb1dOXPjqMPSolFJqMWJQ6M753G70pjV8NYalFTnC-xFq5VScK11CWUcQXHoHrjQ1wQ2iVYRAL-iVJ0AaCuwUfIvDxVEC6Wk59Z6IpGefBEFYQFGeUNHoy0eJMDj91P6o&amp;__tn__=*b1H-R\"><\/a><\/p>\n\n\n\n<figure class=\"wp-block-image\"><a href=\"https:\/\/www.facebook.com\/photo\/?fbid=1221146963349811&amp;set=pcb.1221147006683140&amp;__cft__[0]=AZUEs0J4aQ8n6BdHfiPhF8kJGQzUHzdkyUEzh9g5ypPDQJ9ke8rq4M9FR5pgeBWzwZIb1dOXPjqMPSolFJqMWJQ6M753G70pjV8NYalFTnC-xFq5VScK11CWUcQXHoHrjQ1wQ2iVYRAL-iVJ0AaCuwUfIvDxVEC6Wk59Z6IpGefBEFYQFGeUNHoy0eJMDj91P6o&amp;__tn__=*b1H-R\"><img decoding=\"async\" src=\"https:\/\/scontent.fcor10-3.fna.fbcdn.net\/v\/t51.75761-15\/488030561_18294350269243999_674536275158749262_n.jpg?stp=dst-jpg_s600x600_tt6&amp;_nc_cat=105&amp;ccb=1-7&amp;_nc_sid=127cfc&amp;_nc_eui2=AeFWPxrLCmRJUNpYP7AjDUM3lsXM2rfizDSWxczat-LMNMn3oZwtLcVSXUGH5W19hNs&amp;_nc_ohc=RSDOJsp6-u4Q7kNvwHezb_h&amp;_nc_oc=Adn0yeu9cGg8cgC-6c7xTVgso3R4QSK6SKXbuTWAabYdBf-KSbEs0iqujbktZPDToko&amp;_nc_zt=23&amp;_nc_ht=scontent.fcor10-3.fna&amp;_nc_gid=N95Xi2hx2C3DMUuMgRcdNg&amp;oh=00_AYHdcjIPSB14jSKQgZ-dnCNRQoCMBkOumAr_oqhQEjPFcQ&amp;oe=67F4F252\" alt=\"\"\/><\/a><\/figure>\n\n\n\n<p><a href=\"https:\/\/www.facebook.com\/photo\/?fbid=1221146970016477&amp;set=pcb.1221147006683140&amp;__cft__[0]=AZUEs0J4aQ8n6BdHfiPhF8kJGQzUHzdkyUEzh9g5ypPDQJ9ke8rq4M9FR5pgeBWzwZIb1dOXPjqMPSolFJqMWJQ6M753G70pjV8NYalFTnC-xFq5VScK11CWUcQXHoHrjQ1wQ2iVYRAL-iVJ0AaCuwUfIvDxVEC6Wk59Z6IpGefBEFYQFGeUNHoy0eJMDj91P6o&amp;__tn__=*b2H-R\"><\/a><\/p>\n\n\n\n<figure class=\"wp-block-image\"><a href=\"https:\/\/www.facebook.com\/photo\/?fbid=1221146970016477&amp;set=pcb.1221147006683140&amp;__cft__[0]=AZUEs0J4aQ8n6BdHfiPhF8kJGQzUHzdkyUEzh9g5ypPDQJ9ke8rq4M9FR5pgeBWzwZIb1dOXPjqMPSolFJqMWJQ6M753G70pjV8NYalFTnC-xFq5VScK11CWUcQXHoHrjQ1wQ2iVYRAL-iVJ0AaCuwUfIvDxVEC6Wk59Z6IpGefBEFYQFGeUNHoy0eJMDj91P6o&amp;__tn__=*b2H-R\"><img decoding=\"async\" src=\"https:\/\/scontent.fcor10-3.fna.fbcdn.net\/v\/t51.75761-15\/488219019_18294350278243999_2360524785715577156_n.jpg?stp=dst-jpg_p526x395_tt6&amp;_nc_cat=104&amp;ccb=1-7&amp;_nc_sid=127cfc&amp;_nc_eui2=AeFUYqe7UIyU9yim5wZ3d2QGOmp3_OwS_Qc6anf87BL9BzYinOUkwS3NYKP5zhAEY1U&amp;_nc_ohc=Cl1BoaZlENQQ7kNvwGJh2vW&amp;_nc_oc=AdmSm91QZu4sZAxiStCAljSn2ue0gfRj0RC4qbv1VKuzOKqecXaV-D0KWam7rCCMJPA&amp;_nc_zt=23&amp;_nc_ht=scontent.fcor10-3.fna&amp;_nc_gid=N95Xi2hx2C3DMUuMgRcdNg&amp;oh=00_AYG8A_bAsHBFpOSBG4BamtQaERzrrgfOiP1mYCaqspm-VA&amp;oe=67F4FEA6\" alt=\"\"\/><\/a><\/figure>\n\n\n\n<p><a href=\"https:\/\/www.facebook.com\/photo\/?fbid=1221146960016478&amp;set=pcb.1221147006683140&amp;__cft__[0]=AZUEs0J4aQ8n6BdHfiPhF8kJGQzUHzdkyUEzh9g5ypPDQJ9ke8rq4M9FR5pgeBWzwZIb1dOXPjqMPSolFJqMWJQ6M753G70pjV8NYalFTnC-xFq5VScK11CWUcQXHoHrjQ1wQ2iVYRAL-iVJ0AaCuwUfIvDxVEC6Wk59Z6IpGefBEFYQFGeUNHoy0eJMDj91P6o&amp;__tn__=*b3H-R\"><\/a><\/p>\n\n\n\n<figure class=\"wp-block-image\"><a href=\"https:\/\/www.facebook.com\/photo\/?fbid=1221146960016478&amp;set=pcb.1221147006683140&amp;__cft__[0]=AZUEs0J4aQ8n6BdHfiPhF8kJGQzUHzdkyUEzh9g5ypPDQJ9ke8rq4M9FR5pgeBWzwZIb1dOXPjqMPSolFJqMWJQ6M753G70pjV8NYalFTnC-xFq5VScK11CWUcQXHoHrjQ1wQ2iVYRAL-iVJ0AaCuwUfIvDxVEC6Wk59Z6IpGefBEFYQFGeUNHoy0eJMDj91P6o&amp;__tn__=*b3H-R\"><img decoding=\"async\" src=\"https:\/\/scontent.fcor10-3.fna.fbcdn.net\/v\/t51.75761-15\/487808642_18294350287243999_7849989653994904588_n.jpg?stp=dst-jpg_p526x395_tt6&amp;_nc_cat=107&amp;ccb=1-7&amp;_nc_sid=127cfc&amp;_nc_eui2=AeFyCKTpzsmGXHavBdho1_Um2Nlac33lQDPY2VpzfeVAM6i_wk-d9OjiKonY73Y-EUg&amp;_nc_ohc=ZCj82c4Yy4sQ7kNvwGo6Sk5&amp;_nc_oc=AdnAXJ1wQ1ShWwYBH70MJUZHbeZoFhH-56tmo_1gjerTD2Xun9G7PLRDbUJdtOu3X3g&amp;_nc_zt=23&amp;_nc_ht=scontent.fcor10-3.fna&amp;_nc_gid=N95Xi2hx2C3DMUuMgRcdNg&amp;oh=00_AYGAgg_eXF7XqP71UOsmh978dp-LmNYFZywZwgCTkoO2ag&amp;oe=67F503B7\" alt=\"\"\/><\/a><\/figure>\n\n\n\n<p><a href=\"https:\/\/www.facebook.com\/photo\/?fbid=1221146966683144&amp;set=pcb.1221147006683140&amp;__cft__[0]=AZUEs0J4aQ8n6BdHfiPhF8kJGQzUHzdkyUEzh9g5ypPDQJ9ke8rq4M9FR5pgeBWzwZIb1dOXPjqMPSolFJqMWJQ6M753G70pjV8NYalFTnC-xFq5VScK11CWUcQXHoHrjQ1wQ2iVYRAL-iVJ0AaCuwUfIvDxVEC6Wk59Z6IpGefBEFYQFGeUNHoy0eJMDj91P6o&amp;__tn__=*b4H-R\"><\/a><\/p>\n\n\n\n<figure class=\"wp-block-image\"><a href=\"https:\/\/www.facebook.com\/photo\/?fbid=1221146966683144&amp;set=pcb.1221147006683140&amp;__cft__[0]=AZUEs0J4aQ8n6BdHfiPhF8kJGQzUHzdkyUEzh9g5ypPDQJ9ke8rq4M9FR5pgeBWzwZIb1dOXPjqMPSolFJqMWJQ6M753G70pjV8NYalFTnC-xFq5VScK11CWUcQXHoHrjQ1wQ2iVYRAL-iVJ0AaCuwUfIvDxVEC6Wk59Z6IpGefBEFYQFGeUNHoy0eJMDj91P6o&amp;__tn__=*b4H-R\"><img decoding=\"async\" src=\"https:\/\/scontent.fcor10-4.fna.fbcdn.net\/v\/t51.75761-15\/488067492_18294350302243999_7849872493813635275_n.jpg?stp=dst-jpg_p526x395_tt6&amp;_nc_cat=110&amp;ccb=1-7&amp;_nc_sid=127cfc&amp;_nc_eui2=AeHCdWoP_Vaz5gHFEj4PZGWHxQSSUsZh7EjFBJJSxmHsSKksDQ1KSrSo04i11SC8XHk&amp;_nc_ohc=hs0nemF9XP4Q7kNvwHSoDUT&amp;_nc_oc=AdkKRoxOMrWioTV_OUErytcgspzMWt9UUpqClR_yGa5hQHR-ht9h52u_nqSo7vdBBeA&amp;_nc_zt=23&amp;_nc_ht=scontent.fcor10-4.fna&amp;_nc_gid=N95Xi2hx2C3DMUuMgRcdNg&amp;oh=00_AYGzhmpSd9SuMWAbH7vONzbusd8Qt7KKti2cfgfJzGz-rw&amp;oe=67F4EE27\" alt=\"\"\/><\/a><\/figure>\n\n\n\n<p><\/p>\n","protected":false},"excerpt":{"rendered":"<p>Este mi\u00e9rcoles 2 de abril, se realiz\u00f3 el acto por el D\u00eda del Veterano y de los Ca\u00eddos en la Guerra de Malvinas, donde se recuerda y homenajea a quienes dieron la vida defendiendo la soberan\u00eda sobre las Islas Malvinas. La actividad comenz\u00f3 con la Vigilia en las primeras horas del mi\u00e9rcoles y continu\u00f3 en [&hellip;]<\/p>\n","protected":false},"author":1,"featured_media":10078,"comment_status":"closed","ping_status":"closed","sticky":false,"template":"","format":"standard","meta":{"footnotes":""},"categories":[69],"tags":[345],"class_list":["post-10077","post","type-post","status-publish","format-standard","has-post-thumbnail","hentry","category-noticias","tag-destacar"],"_links":{"self":[{"href":"https:\/\/www.nextmultimedio.com\/index.php?rest_route=\/wp\/v2\/posts\/10077","targetHints":{"allow":["GET"]}}],"collection":[{"href":"https:\/\/www.nextmultimedio.com\/index.php?rest_route=\/wp\/v2\/posts"}],"about":[{"href":"https:\/\/www.nextmultimedio.com\/index.php?rest_route=\/wp\/v2\/types\/post"}],"author":[{"embeddable":true,"href":"https:\/\/www.nextmultimedio.com\/index.php?rest_route=\/wp\/v2\/users\/1"}],"replies":[{"embeddable":true,"href":"https:\/\/www.nextmultimedio.com\/index.php?rest_route=%2Fwp%2Fv2%2Fcomments&post=10077"}],"version-history":[{"count":1,"href":"https:\/\/www.nextmultimedio.com\/index.php?rest_route=\/wp\/v2\/posts\/10077\/revisions"}],"predecessor-version":[{"id":10079,"href":"https:\/\/www.nextmultimedio.com\/index.php?rest_route=\/wp\/v2\/posts\/10077\/revisions\/10079"}],"wp:featuredmedia":[{"embeddable":true,"href":"https:\/\/www.nextmultimedio.com\/index.php?rest_route=\/wp\/v2\/media\/10078"}],"wp:attachment":[{"href":"https:\/\/www.nextmultimedio.com\/index.php?rest_route=%2Fwp%2Fv2%2Fmedia&parent=10077"}],"wp:term":[{"taxonomy":"category","embeddable":true,"href":"https:\/\/www.nextmultimedio.com\/index.php?rest_route=%2Fwp%2Fv2%2Fcategories&post=10077"},{"taxonomy":"post_tag","embeddable":true,"href":"https:\/\/www.nextmultimedio.com\/index.php?rest_route=%2Fwp%2Fv2%2Ftags&post=10077"}],"curies":[{"name":"wp","href":"https:\/\/api.w.org\/{rel}","templated":true}]}}