{"id":10070,"date":"2025-04-01T19:49:15","date_gmt":"2025-04-01T22:49:15","guid":{"rendered":"https:\/\/www.nextmultimedio.com\/?p=10070"},"modified":"2025-04-01T19:49:16","modified_gmt":"2025-04-01T22:49:16","slug":"operativo-de-seguridad-por-el-partido-de-talleres-y-san-pablo-en-el-kempes","status":"publish","type":"post","link":"https:\/\/www.nextmultimedio.com\/?p=10070","title":{"rendered":"OPERATIVO DE SEGURIDAD POR EL PARTIDO DE TALLERES Y SAN PABLO EN EL KEMPES"},"content":{"rendered":"\n<figure class=\"wp-block-image size-full\"><img loading=\"lazy\" decoding=\"async\" width=\"990\" height=\"660\" src=\"https:\/\/www.nextmultimedio.com\/wp-content\/uploads\/2025\/04\/WhatsApp-Image-2025-04-01-at-17.06.20-1.jpeg\" alt=\"\" class=\"wp-image-10071\" srcset=\"https:\/\/www.nextmultimedio.com\/wp-content\/uploads\/2025\/04\/WhatsApp-Image-2025-04-01-at-17.06.20-1.jpeg 990w, https:\/\/www.nextmultimedio.com\/wp-content\/uploads\/2025\/04\/WhatsApp-Image-2025-04-01-at-17.06.20-1-300x200.jpeg 300w, https:\/\/www.nextmultimedio.com\/wp-content\/uploads\/2025\/04\/WhatsApp-Image-2025-04-01-at-17.06.20-1-768x512.jpeg 768w\" sizes=\"auto, (max-width: 990px) 100vw, 990px\" \/><\/figure>\n\n\n\n<p>Qued\u00f3 definido el dispositivo de seguridad que se implementar\u00e1 en el partido entre Club Atl\u00e9tico Talleres y San Pablo (Brasil) por la Copa Conmebol Libertadores.<\/p>\n\n\n\n<p>Luego de la inspecci\u00f3n de los sectores internos y externos del estadio Mario Alberto Kempes, los representantes de la Confederaci\u00f3n Sudamericana de F\u00fatbol (Conmebol) mantuvieron una reuni\u00f3n con autoridades locales.<\/p>\n\n\n\n<p>Del encuentro participaron miembros del Consejo de Seguridad Deportiva Provincial (Cosedepro), Club Talleres, Polic\u00eda y dem\u00e1s organismos provinciales y municipales que participan del evento con el objetivo de fijar estrategias de trabajo conjunto en prevenci\u00f3n y seguridad.<\/p>\n\n\n\n<p>Entre otras disposiciones, se estableci\u00f3 que la apertura de los ingresos al estadio ser\u00e1 a las 19:30 horas con acceso por los portones habituales, salvo los simpatizantes brasile\u00f1os que acceder\u00e1n a la tribuna Popular Sur, desde el Parque del Kempes, en donde estacionar\u00e1n sus \u00f3mnibus y veh\u00edculos particulares.<\/p>\n\n\n\n<figure class=\"wp-block-image\"><img decoding=\"async\" src=\"https:\/\/prensa.cba.gov.ar\/wp-content\/uploads\/2025\/04\/WhatsApp-Image-2025-04-01-at-17.06.19.jpeg\" alt=\"\" class=\"wp-image-616806\"\/><\/figure>\n\n\n\n<h4 class=\"wp-block-heading\">Ingresos habilitados:<\/h4>\n\n\n\n<p>Platea Ardiles: port\u00f3n 1;<br>Popular Sur: port\u00f3n 1 bis;<br>Popular Willington port\u00f3n 2 y port\u00f3n Auxiliar Norte<br>Platea Gasparini port\u00f3n 3 y 4<br>Visitante: Popular Sur port\u00f3n 5<\/p>\n\n\n\n<p>Los hinchas de Talleres ocupar\u00e1n la totalidad de las plateas Ardiles y Gasparini; la popular Willington y solo una porci\u00f3n de la tribuna popular sur, al igual que las habituales playas asignadas para estacionamiento, exceptuando el sector sur del Parque del Kempes que -como ya se adelant\u00f3- ser\u00e1 exclusiva del visitante<\/p>\n\n\n\n<h3 class=\"wp-block-heading\">Servicio Sanitario<\/h3>\n\n\n\n<p>Cuatro ambulancias distribuidas una por tribuna m\u00e1s otras dos unidades en el campo de juego; un carrito en el campo; dos carpas sanitarias con asistencia m\u00e9dica y cuatro puestos de hidrataci\u00f3n en puntos estrat\u00e9gicos con accesos a tribunas.<\/p>\n\n\n\n<h3 class=\"wp-block-heading\">Transporte P\u00fablico<\/h3>\n\n\n\n<p>Desde las 19 horas unidades del sistema de \u00f3mnibus urbanos de las empresas Coniferal, Tamse y Grupo Fam estar\u00e1n disponibles en la plaza de la Intendendencia \u2013 H\u00e9roes de Malvinas con destino final el sector de colectora del Parque Bustos.<\/p>\n\n\n\n<h3 class=\"wp-block-heading\">Cierre de espacios verdes<\/h3>\n\n\n\n<p>Los parques del Kempes, Bustos y del Chateau permanecer\u00e1n cerrados al p\u00fablico en general a partir de las 14.<\/p>\n\n\n\n<h3 class=\"wp-block-heading\">Concentraciones<\/h3>\n\n\n\n<p>El Club Atl\u00e9tico Talleres se alojar\u00e1 en Orfeo Suites Hotel C\u00f3rdoba, sito en Rodr\u00edguez del Busto 4086. El San Pablo lo har\u00e1 en Holiday Inn, Fray Luis Beltr\u00e1n y Manuel Carde\u00f1osa.<\/p>\n\n\n\n<p>Los Oficiales de Partido designados por Conmebol son:<br>Delegado: Carlos Alvarado (Per\u00fa); Coordinador: Diego Turnes (Argentina) y Oficial de Seguridad: Carlos Rondinel (Per\u00fa).<\/p>\n","protected":false},"excerpt":{"rendered":"<p>Qued\u00f3 definido el dispositivo de seguridad que se implementar\u00e1 en el partido entre Club Atl\u00e9tico Talleres y San Pablo (Brasil) por la Copa Conmebol Libertadores. Luego de la inspecci\u00f3n de los sectores internos y externos del estadio Mario Alberto Kempes, los representantes de la Confederaci\u00f3n Sudamericana de F\u00fatbol (Conmebol) mantuvieron una reuni\u00f3n con autoridades locales. [&hellip;]<\/p>\n","protected":false},"author":1,"featured_media":10071,"comment_status":"closed","ping_status":"closed","sticky":false,"template":"","format":"standard","meta":{"footnotes":""},"categories":[69],"tags":[345],"class_list":["post-10070","post","type-post","status-publish","format-standard","has-post-thumbnail","hentry","category-noticias","tag-destacar"],"_links":{"self":[{"href":"https:\/\/www.nextmultimedio.com\/index.php?rest_route=\/wp\/v2\/posts\/10070","targetHints":{"allow":["GET"]}}],"collection":[{"href":"https:\/\/www.nextmultimedio.com\/index.php?rest_route=\/wp\/v2\/posts"}],"about":[{"href":"https:\/\/www.nextmultimedio.com\/index.php?rest_route=\/wp\/v2\/types\/post"}],"author":[{"embeddable":true,"href":"https:\/\/www.nextmultimedio.com\/index.php?rest_route=\/wp\/v2\/users\/1"}],"replies":[{"embeddable":true,"href":"https:\/\/www.nextmultimedio.com\/index.php?rest_route=%2Fwp%2Fv2%2Fcomments&post=10070"}],"version-history":[{"count":1,"href":"https:\/\/www.nextmultimedio.com\/index.php?rest_route=\/wp\/v2\/posts\/10070\/revisions"}],"predecessor-version":[{"id":10072,"href":"https:\/\/www.nextmultimedio.com\/index.php?rest_route=\/wp\/v2\/posts\/10070\/revisions\/10072"}],"wp:featuredmedia":[{"embeddable":true,"href":"https:\/\/www.nextmultimedio.com\/index.php?rest_route=\/wp\/v2\/media\/10071"}],"wp:attachment":[{"href":"https:\/\/www.nextmultimedio.com\/index.php?rest_route=%2Fwp%2Fv2%2Fmedia&parent=10070"}],"wp:term":[{"taxonomy":"category","embeddable":true,"href":"https:\/\/www.nextmultimedio.com\/index.php?rest_route=%2Fwp%2Fv2%2Fcategories&post=10070"},{"taxonomy":"post_tag","embeddable":true,"href":"https:\/\/www.nextmultimedio.com\/index.php?rest_route=%2Fwp%2Fv2%2Ftags&post=10070"}],"curies":[{"name":"wp","href":"https:\/\/api.w.org\/{rel}","templated":true}]}}