{"id":10065,"date":"2025-04-01T19:41:35","date_gmt":"2025-04-01T22:41:35","guid":{"rendered":"https:\/\/www.nextmultimedio.com\/?p=10065"},"modified":"2025-04-01T19:41:36","modified_gmt":"2025-04-01T22:41:36","slug":"hub-aereo-cordoba-aterrizo-el-primer-vuelo-directo-desde-de-san-pablo","status":"publish","type":"post","link":"https:\/\/www.nextmultimedio.com\/?p=10065","title":{"rendered":"HUB A\u00c9REO C\u00d3RDOBA: ATERRIZ\u00d3 EL PRIMER VUELO DIRECTO DESDE DE SAN PABLO"},"content":{"rendered":"\n<figure class=\"wp-block-image size-full\"><img loading=\"lazy\" decoding=\"async\" width=\"1024\" height=\"576\" src=\"https:\/\/www.nextmultimedio.com\/wp-content\/uploads\/2025\/04\/gol-1-1024x576-1.jpg\" alt=\"\" class=\"wp-image-10066\" srcset=\"https:\/\/www.nextmultimedio.com\/wp-content\/uploads\/2025\/04\/gol-1-1024x576-1.jpg 1024w, https:\/\/www.nextmultimedio.com\/wp-content\/uploads\/2025\/04\/gol-1-1024x576-1-300x169.jpg 300w, https:\/\/www.nextmultimedio.com\/wp-content\/uploads\/2025\/04\/gol-1-1024x576-1-768x432.jpg 768w\" sizes=\"auto, (max-width: 1024px) 100vw, 1024px\" \/><\/figure>\n\n\n\n<p>Esta madrugada, arrib\u00f3 al Aeropuerto Internacional Ambrosio Taravella el vuelo inaugural de Gol L\u00edneas A\u00e9reas procedente de San Pablo (Brasil). La nueva conexi\u00f3n directa entre C\u00f3rdoba y la ciudad brasile\u00f1a comenz\u00f3 a operar con tres frecuencias semanales.<\/p>\n\n\n\n<p>Esta ruta a\u00e9rea internacional facilita el arribo de visitantes a la provincia y fortalece los v\u00ednculos comerciales entre ambos destinos.<\/p>\n\n\n\n<p>A partir del domingo 13 de abril, tambi\u00e9n la misma aerol\u00ednea comenzar\u00e1 a operar la ruta sin escalas Recife \u2013 C\u00f3rdoba, con dos vuelos semanales, ampliando las opciones de conectividad internacional.<\/p>\n\n\n\n<p>El presidente de la Agencia C\u00f3rdoba Turismo, Dar\u00edo Capitani, destac\u00f3 la importancia de esta nueva ruta:&nbsp;<em>\u201cCada conexi\u00f3n a\u00e9rea que sumamos representa una oportunidad para potenciar el turismo y el desarrollo econ\u00f3mico de C\u00f3rdoba. Brasil es un mercado clave, y esta ruta refuerza nuestra presencia internacional, acerc\u00e1ndonos a\u00fan m\u00e1s al mundo\u00bb.<\/em><\/p>\n\n\n\n<p>El Gobierno de C\u00f3rdoba trabaja sostenidamente para mejorar la conectividad a\u00e9rea y consolidar a C\u00f3rdoba como un destino estrat\u00e9gico en la regi\u00f3n.<\/p>\n\n\n\n<p>En esta l\u00ednea, d\u00edas atr\u00e1s Avianca anunci\u00f3 tres vuelos directos semanales entre C\u00f3rdoba y Bogot\u00e1, y Aerol\u00edneas Argentinas inform\u00f3 que ampl\u00eda la frecuencia de los vuelos que unen la capital provincial con CABA.<\/p>\n\n\n\n<p><strong>Detalles de las frecuencias:<\/strong><\/p>\n\n\n\n<p><img decoding=\"async\" alt=\"\u2708\ufe0f\" src=\"https:\/\/s.w.org\/images\/core\/emoji\/15.0.3\/svg\/2708.svg\">&nbsp;San Pablo \u2013 C\u00f3rdoba: 3 vuelos semanales<br><img decoding=\"async\" alt=\"\u2708\ufe0f\" src=\"https:\/\/s.w.org\/images\/core\/emoji\/15.0.3\/svg\/2708.svg\">&nbsp;Recife \u2013 C\u00f3rdoba (a partir del 13 de abril): 2 vuelos semanales<\/p>\n\n\n\n<p>Este avance refuerza la presencia de C\u00f3rdoba en el mapa internacional, promoviendo el turismo y el intercambio comercial con Brasil.<\/p>\n\n\n\n<p><\/p>\n","protected":false},"excerpt":{"rendered":"<p>Esta madrugada, arrib\u00f3 al Aeropuerto Internacional Ambrosio Taravella el vuelo inaugural de Gol L\u00edneas A\u00e9reas procedente de San Pablo (Brasil). La nueva conexi\u00f3n directa entre C\u00f3rdoba y la ciudad brasile\u00f1a comenz\u00f3 a operar con tres frecuencias semanales. Esta ruta a\u00e9rea internacional facilita el arribo de visitantes a la provincia y fortalece los v\u00ednculos comerciales entre [&hellip;]<\/p>\n","protected":false},"author":1,"featured_media":10066,"comment_status":"closed","ping_status":"open","sticky":false,"template":"","format":"standard","meta":{"footnotes":""},"categories":[69],"tags":[345],"class_list":["post-10065","post","type-post","status-publish","format-standard","has-post-thumbnail","hentry","category-noticias","tag-destacar"],"_links":{"self":[{"href":"https:\/\/www.nextmultimedio.com\/index.php?rest_route=\/wp\/v2\/posts\/10065","targetHints":{"allow":["GET"]}}],"collection":[{"href":"https:\/\/www.nextmultimedio.com\/index.php?rest_route=\/wp\/v2\/posts"}],"about":[{"href":"https:\/\/www.nextmultimedio.com\/index.php?rest_route=\/wp\/v2\/types\/post"}],"author":[{"embeddable":true,"href":"https:\/\/www.nextmultimedio.com\/index.php?rest_route=\/wp\/v2\/users\/1"}],"replies":[{"embeddable":true,"href":"https:\/\/www.nextmultimedio.com\/index.php?rest_route=%2Fwp%2Fv2%2Fcomments&post=10065"}],"version-history":[{"count":1,"href":"https:\/\/www.nextmultimedio.com\/index.php?rest_route=\/wp\/v2\/posts\/10065\/revisions"}],"predecessor-version":[{"id":10067,"href":"https:\/\/www.nextmultimedio.com\/index.php?rest_route=\/wp\/v2\/posts\/10065\/revisions\/10067"}],"wp:featuredmedia":[{"embeddable":true,"href":"https:\/\/www.nextmultimedio.com\/index.php?rest_route=\/wp\/v2\/media\/10066"}],"wp:attachment":[{"href":"https:\/\/www.nextmultimedio.com\/index.php?rest_route=%2Fwp%2Fv2%2Fmedia&parent=10065"}],"wp:term":[{"taxonomy":"category","embeddable":true,"href":"https:\/\/www.nextmultimedio.com\/index.php?rest_route=%2Fwp%2Fv2%2Fcategories&post=10065"},{"taxonomy":"post_tag","embeddable":true,"href":"https:\/\/www.nextmultimedio.com\/index.php?rest_route=%2Fwp%2Fv2%2Ftags&post=10065"}],"curies":[{"name":"wp","href":"https:\/\/api.w.org\/{rel}","templated":true}]}}