{"id":10029,"date":"2025-03-30T19:17:55","date_gmt":"2025-03-30T22:17:55","guid":{"rendered":"https:\/\/www.nextmultimedio.com\/?p=10029"},"modified":"2025-03-30T19:17:56","modified_gmt":"2025-03-30T22:17:56","slug":"cordoba-frente-de-aire-frio-y-alerta-naranja-por-tormentas","status":"publish","type":"post","link":"https:\/\/www.nextmultimedio.com\/?p=10029","title":{"rendered":"C\u00d3RDOBA: FRENTE DE AIRE FR\u00cdO Y ALERTA NARANJA POR TORMENTAS"},"content":{"rendered":"\n<figure class=\"wp-block-image size-large\"><img loading=\"lazy\" decoding=\"async\" width=\"821\" height=\"1024\" src=\"https:\/\/www.nextmultimedio.com\/wp-content\/uploads\/2025\/03\/487377072_18293947342243999_6007973777643108982_n-821x1024.jpg\" alt=\"\" class=\"wp-image-10030\" srcset=\"https:\/\/www.nextmultimedio.com\/wp-content\/uploads\/2025\/03\/487377072_18293947342243999_6007973777643108982_n-821x1024.jpg 821w, https:\/\/www.nextmultimedio.com\/wp-content\/uploads\/2025\/03\/487377072_18293947342243999_6007973777643108982_n-241x300.jpg 241w, https:\/\/www.nextmultimedio.com\/wp-content\/uploads\/2025\/03\/487377072_18293947342243999_6007973777643108982_n-768x958.jpg 768w, https:\/\/www.nextmultimedio.com\/wp-content\/uploads\/2025\/03\/487377072_18293947342243999_6007973777643108982_n-1232x1536.jpg 1232w, https:\/\/www.nextmultimedio.com\/wp-content\/uploads\/2025\/03\/487377072_18293947342243999_6007973777643108982_n.jpg 1440w\" sizes=\"auto, (max-width: 821px) 100vw, 821px\" \/><\/figure>\n\n\n\n<p>Se informa que en el d\u00eda de hoy, domingo 30 marzo, ingres\u00f3 un frente de aire fr\u00edo en la zona sur de la Provincia de C\u00f3rdoba, acompa\u00f1ado de r\u00e1fagas de vientos (70 &#8211; 80 km\/h).<\/p>\n\n\n\n<p>Rige para la Provincia de C\u00f3rdoba una alerta naranja emitida por el Servicio Meteorol\u00f3gico Nacional, por el posible desarrollo de *tormentas fuertes y severas* en distintos puntos del territorio nacional.<\/p>\n\n\n\n<p>Se <a><\/a>solicita a la poblaci\u00f3n extremar medidas de precauci\u00f3n ante las posibles tormentas, y acudir r\u00e1pidamente a las autoridades ante cualquier emergencia. (DUAR, Defensa Civil, Bomberos Voluntarios, Guardias Locales).<\/p>\n\n\n\n<p>Contactos:<\/p>\n\n\n\n<p>Polic\u00eda de C\u00f3rdoba *911*<\/p>\n\n\n\n<p>Bomberos Voluntarios *100*<\/p>\n\n\n\n<p><a href=\"https:\/\/www.facebook.com\/photo\/?fbid=1217453537052487&amp;set=pcb.1217453547052486&amp;__cft__[0]=AZV-nWS5-6y23Iw-JgcyFdla1dDcAgck051PGtVTgCIUNZQzyPGZylH5BDvDNbgdRg3ONfq4VIc0VSRg296cunXp-7yu2owjvM7xOcxnAGKTS3UoXRe0no2EeLkMFVS7xbAhadnV4KmBFIhEEu72bIB4rzaAF--13V38tujdFH6w-u7fvTcq3SLyII8Co4EysnQ&amp;__tn__=*b0H-R\"><\/a><\/p>\n\n\n\n<figure class=\"wp-block-image\"><a href=\"https:\/\/www.facebook.com\/photo\/?fbid=1217453537052487&amp;set=pcb.1217453547052486&amp;__cft__[0]=AZV-nWS5-6y23Iw-JgcyFdla1dDcAgck051PGtVTgCIUNZQzyPGZylH5BDvDNbgdRg3ONfq4VIc0VSRg296cunXp-7yu2owjvM7xOcxnAGKTS3UoXRe0no2EeLkMFVS7xbAhadnV4KmBFIhEEu72bIB4rzaAF--13V38tujdFH6w-u7fvTcq3SLyII8Co4EysnQ&amp;__tn__=*b0H-R\"><img decoding=\"async\" src=\"https:\/\/scontent.fcor10-3.fna.fbcdn.net\/v\/t51.75761-15\/487377072_18293947342243999_6007973777643108982_n.jpg?stp=dst-jpg_p480x480_tt6&amp;_nc_cat=102&amp;ccb=1-7&amp;_nc_sid=127cfc&amp;_nc_eui2=AeH3IEeW84RHFckQqzU7fzjkZlyubYL6nxlmXK5tgvqfGRV0DvWtO1ycHuMn92bWaXs&amp;_nc_ohc=A8spjULspRgQ7kNvgECbdE_&amp;_nc_oc=AdkQxmvNZ5v_yCKJ2TgenLYTTjVHGJfgWOnafauzChh3wXqZjz7bB3sBuMaEEyHBK9o&amp;_nc_zt=23&amp;_nc_ht=scontent.fcor10-3.fna&amp;_nc_gid=YramW_0JvfuPOi7HhPOjbw&amp;oh=00_AYHrsKNZ5IKXjDP73Klu_H5_IjIGIDOKFdumcIR8lJ6zSQ&amp;oe=67EF8909\" alt=\"\"\/><\/a><\/figure>\n\n\n\n<p><a href=\"https:\/\/www.facebook.com\/photo\/?fbid=1217453540385820&amp;set=pcb.1217453547052486&amp;__cft__[0]=AZV-nWS5-6y23Iw-JgcyFdla1dDcAgck051PGtVTgCIUNZQzyPGZylH5BDvDNbgdRg3ONfq4VIc0VSRg296cunXp-7yu2owjvM7xOcxnAGKTS3UoXRe0no2EeLkMFVS7xbAhadnV4KmBFIhEEu72bIB4rzaAF--13V38tujdFH6w-u7fvTcq3SLyII8Co4EysnQ&amp;__tn__=*b1H-R\"><\/a><\/p>\n\n\n\n<figure class=\"wp-block-image\"><a href=\"https:\/\/www.facebook.com\/photo\/?fbid=1217453540385820&amp;set=pcb.1217453547052486&amp;__cft__[0]=AZV-nWS5-6y23Iw-JgcyFdla1dDcAgck051PGtVTgCIUNZQzyPGZylH5BDvDNbgdRg3ONfq4VIc0VSRg296cunXp-7yu2owjvM7xOcxnAGKTS3UoXRe0no2EeLkMFVS7xbAhadnV4KmBFIhEEu72bIB4rzaAF--13V38tujdFH6w-u7fvTcq3SLyII8Co4EysnQ&amp;__tn__=*b1H-R\"><img decoding=\"async\" src=\"https:\/\/scontent.fcor10-3.fna.fbcdn.net\/v\/t51.75761-15\/487336680_18293947354243999_7865903319272738615_n.jpg?stp=dst-jpg_s600x600_tt6&amp;_nc_cat=102&amp;ccb=1-7&amp;_nc_sid=127cfc&amp;_nc_eui2=AeG-6_nAjS7PhqKCgs3DGQBNMix2iOLqpScyLHaI4uqlJ9yi0kGTZ9Ug95dXQ7EN1bg&amp;_nc_ohc=ym27KarR67MQ7kNvgGDv8QT&amp;_nc_oc=AdlhikpuREYSKNPo4bvznYNjcPilYwJBvaco2X-pwyxi_zCzKPLLE1CusC7shRvJXXs&amp;_nc_zt=23&amp;_nc_ht=scontent.fcor10-3.fna&amp;_nc_gid=YramW_0JvfuPOi7HhPOjbw&amp;oh=00_AYGncpiHmuB3Z1YzaQSRhfIB6PMWCI-F8evxbKzR8hcgBw&amp;oe=67EF8B78\" alt=\"\"\/><\/a><\/figure>\n","protected":false},"excerpt":{"rendered":"<p>Se informa que en el d\u00eda de hoy, domingo 30 marzo, ingres\u00f3 un frente de aire fr\u00edo en la zona sur de la Provincia de C\u00f3rdoba, acompa\u00f1ado de r\u00e1fagas de vientos (70 &#8211; 80 km\/h). Rige para la Provincia de C\u00f3rdoba una alerta naranja emitida por el Servicio Meteorol\u00f3gico Nacional, por el posible desarrollo de [&hellip;]<\/p>\n","protected":false},"author":1,"featured_media":10030,"comment_status":"closed","ping_status":"closed","sticky":false,"template":"","format":"standard","meta":{"footnotes":""},"categories":[69],"tags":[345],"class_list":["post-10029","post","type-post","status-publish","format-standard","has-post-thumbnail","hentry","category-noticias","tag-destacar"],"_links":{"self":[{"href":"https:\/\/www.nextmultimedio.com\/index.php?rest_route=\/wp\/v2\/posts\/10029","targetHints":{"allow":["GET"]}}],"collection":[{"href":"https:\/\/www.nextmultimedio.com\/index.php?rest_route=\/wp\/v2\/posts"}],"about":[{"href":"https:\/\/www.nextmultimedio.com\/index.php?rest_route=\/wp\/v2\/types\/post"}],"author":[{"embeddable":true,"href":"https:\/\/www.nextmultimedio.com\/index.php?rest_route=\/wp\/v2\/users\/1"}],"replies":[{"embeddable":true,"href":"https:\/\/www.nextmultimedio.com\/index.php?rest_route=%2Fwp%2Fv2%2Fcomments&post=10029"}],"version-history":[{"count":1,"href":"https:\/\/www.nextmultimedio.com\/index.php?rest_route=\/wp\/v2\/posts\/10029\/revisions"}],"predecessor-version":[{"id":10031,"href":"https:\/\/www.nextmultimedio.com\/index.php?rest_route=\/wp\/v2\/posts\/10029\/revisions\/10031"}],"wp:featuredmedia":[{"embeddable":true,"href":"https:\/\/www.nextmultimedio.com\/index.php?rest_route=\/wp\/v2\/media\/10030"}],"wp:attachment":[{"href":"https:\/\/www.nextmultimedio.com\/index.php?rest_route=%2Fwp%2Fv2%2Fmedia&parent=10029"}],"wp:term":[{"taxonomy":"category","embeddable":true,"href":"https:\/\/www.nextmultimedio.com\/index.php?rest_route=%2Fwp%2Fv2%2Fcategories&post=10029"},{"taxonomy":"post_tag","embeddable":true,"href":"https:\/\/www.nextmultimedio.com\/index.php?rest_route=%2Fwp%2Fv2%2Ftags&post=10029"}],"curies":[{"name":"wp","href":"https:\/\/api.w.org\/{rel}","templated":true}]}}